{"id":83428,"date":"2025-08-12T08:15:00","date_gmt":"2025-08-12T14:15:00","guid":{"rendered":"https:\/\/zonaroja.com.mx\/?p=83428"},"modified":"2025-08-12T06:57:42","modified_gmt":"2025-08-12T12:57:42","slug":"matan-a-individuo-en-santa-cruz-amilpas-balean-a-mototaxista-en-juchitan","status":"publish","type":"post","link":"https:\/\/zonaroja.com.mx\/?p=83428","title":{"rendered":"Matan a individuo en Santa Cruz Amilpas; balean a mototaxista en Juchit\u00e1n"},"content":{"rendered":"\n<p>Ismael Garc\u00eda M.\/Zona Roja.<\/p>\n\n\n\n<p>Oaxaca, Oax., a 12 de agosto de 2025.- Una persona del sexo masculino fue asesinada a balazos a la media noche de ayer en Santa Cruz Amilpas, municipio conurbado a la ciudad de Oaxaca.<\/p>\n\n\n\n<p>De manera preliminar se dio a conocer que la v\u00edctima fue identificada como \u00c9dgar J. M., alias \u201cEl Huesos\u201d, quien fue ultimado cuando arribaba a su domicilio en la colonia Miguel Hidalgo de dicho municipio.<\/p>\n\n\n\n<p>Hasta el momento las autoridades municipales no reportan ninguna persona detenida por este crimen, pues los elementos policiacos arribaron tarde al lugar.<\/p>\n\n\n\n<p>En las primeras horas de este martes, la Fiscal\u00eda General del Estado de Oaxaca concluy\u00f3 las primeras labores periciales.<\/p>\n\n\n\n<p>Otro ataque armado ocurri\u00f3 tambi\u00e9n anoche pero en la carretera federal 175 Oaxaca-Puerto \u00c1ngel, a la altura del denominado crucero de la Y, jurisdicci\u00f3n de la Villa de Zaachila.<\/p>\n\n\n\n<p>De acuerdo con los informes, la v\u00edctima fue trasladada a un hospital para su atenci\u00f3n m\u00e9dica, aunque otras versiones indican que perdi\u00f3 la vida en el lugar; a\u00fan no hay informaci\u00f3n oficial al respecto.<\/p>\n\n\n\n<p>Mientras que tambi\u00e9n ayer por la tarde-noche, un mototaxistas fue atacado a balazos ayer por la tarde en la Octava Secci\u00f3n Cheguigo del municipio de Juchit\u00e1n de Zaragoza.<\/p>\n\n\n\n<p>Fue en la calle Emilio Carranza en que el individuo, identificado de manera preliminar como Manuel G., fue lesionado por sujetos desconocidos; param\u00e9dicos lo trasladaron a un hospital, donde lo reportan delicado de salud.<\/p>\n\n\n\n<p>La Vicefiscal\u00eda Regional del Istmo inici\u00f3 las indagatorias del caso y hasta el momento se desconoce el m\u00f3vil del ataque.<\/p>\n\n\n\n<p>Mientras tanto, en el destino tur\u00edstico de Puerto Escondido un hombre fue atacado a balazos cuando circulaba a bordo de su motocicleta, en calles de la colonia Arroyo Seco.<\/p>\n\n\n\n<p>El lesionado fue trasladado a un nosocomio para su atenci\u00f3n m\u00e9dica y a\u00fan se desconoce su estado de salud; el caso lo investiga la Vicefiscal\u00eda Regional de la Costa.<\/p>\n","protected":false},"excerpt":{"rendered":"<p>Ismael Garc\u00eda M.\/Zona Roja. Oaxaca, Oax., a 12 de agosto de 2025.- Una persona del&hellip;<\/p>\n","protected":false},"author":2,"featured_media":83429,"comment_status":"closed","ping_status":"open","sticky":false,"template":"","format":"standard","meta":{"_lmt_disableupdate":"","_lmt_disable":"","_jetpack_memberships_contains_paid_content":false,"footnotes":""},"categories":[109,51],"tags":[2046],"class_list":["post-83428","post","type-post","status-publish","format-standard","has-post-thumbnail","hentry","category-minuto-a-minuto","category-zona-roja","tag-santa-cruz-amilpas"],"jetpack_featured_media_url":"https:\/\/zonaroja.com.mx\/wp-content\/uploads\/2025\/08\/Asesinado-Santa-CRuz-Amilpas.jpg","jetpack_sharing_enabled":true,"_links":{"self":[{"href":"https:\/\/zonaroja.com.mx\/index.php?rest_route=\/wp\/v2\/posts\/83428","targetHints":{"allow":["GET"]}}],"collection":[{"href":"https:\/\/zonaroja.com.mx\/index.php?rest_route=\/wp\/v2\/posts"}],"about":[{"href":"https:\/\/zonaroja.com.mx\/index.php?rest_route=\/wp\/v2\/types\/post"}],"author":[{"embeddable":true,"href":"https:\/\/zonaroja.com.mx\/index.php?rest_route=\/wp\/v2\/users\/2"}],"replies":[{"embeddable":true,"href":"https:\/\/zonaroja.com.mx\/index.php?rest_route=%2Fwp%2Fv2%2Fcomments&post=83428"}],"version-history":[{"count":1,"href":"https:\/\/zonaroja.com.mx\/index.php?rest_route=\/wp\/v2\/posts\/83428\/revisions"}],"predecessor-version":[{"id":83430,"href":"https:\/\/zonaroja.com.mx\/index.php?rest_route=\/wp\/v2\/posts\/83428\/revisions\/83430"}],"wp:featuredmedia":[{"embeddable":true,"href":"https:\/\/zonaroja.com.mx\/index.php?rest_route=\/wp\/v2\/media\/83429"}],"wp:attachment":[{"href":"https:\/\/zonaroja.com.mx\/index.php?rest_route=%2Fwp%2Fv2%2Fmedia&parent=83428"}],"wp:term":[{"taxonomy":"category","embeddable":true,"href":"https:\/\/zonaroja.com.mx\/index.php?rest_route=%2Fwp%2Fv2%2Fcategories&post=83428"},{"taxonomy":"post_tag","embeddable":true,"href":"https:\/\/zonaroja.com.mx\/index.php?rest_route=%2Fwp%2Fv2%2Ftags&post=83428"}],"curies":[{"name":"wp","href":"https:\/\/api.w.org\/{rel}","templated":true}]}}