{"id":83431,"date":"2025-08-12T09:15:00","date_gmt":"2025-08-12T15:15:00","guid":{"rendered":"https:\/\/zonaroja.com.mx\/?p=83431"},"modified":"2025-08-12T07:03:49","modified_gmt":"2025-08-12T13:03:49","slug":"inician-proceso-de-registro-para-proteger-huaraches-de-yalalag","status":"publish","type":"post","link":"https:\/\/zonaroja.com.mx\/?p=83431","title":{"rendered":"Inician proceso de registro para proteger huaraches de Yal\u00e1lag"},"content":{"rendered":"\n<p>Redacci\u00f3n\/Zona Roja.&nbsp;<\/p>\n\n\n\n<p>Oaxaca, Oax., a 12 de agosto de 2025.- El gobierno de Oaxaca, autoridades municipales y personas artesanas de huaraches de Villa Hidalgo Yal\u00e1lag, iniciaron el proceso para registrar y proteger el dise\u00f1o de este producto, as\u00ed como de las marcas de los talleres locales que lo elaboran.<\/p>\n\n\n\n<p>Luego del plagio del dise\u00f1o de este calzado por la empresa Adidas, reunidos con la titular del Instituto Nacional del Derecho de Autor (Indautor), Karina Luj\u00e1n,&nbsp; el mandatario estatal Salom\u00f3n Jara asever\u00f3 que su administraci\u00f3n es respetuosa de la autonom\u00eda y decisiones de los pueblos.<\/p>\n\n\n\n<p>\u201cSiempre vamos a apoyar, preservar y defender nuestra cultura. El pueblo es el que tiene la \u00faltima palabra, las autoridades estatales y federales estamos para acompa\u00f1arlos\u201d, dijo.<\/p>\n\n\n\n<p>En este encuentro celebrado ayer en Palacio de Gobierno, la comunidad extern\u00f3 su deseo de que representantes de la marca involucrada en este caso de plagio visiten su comunidad, conozcan sus talleres y est\u00e9n presentes en una asamblea comunitaria el jueves 21 de agosto, todo ello en un ambiente de paz y respeto.<\/p>\n\n\n\n<p>De esta forma, titulares de las secretar\u00edas de Desarrollo Econ\u00f3mico (Sedeco) y de las Culturas y Artes de Oaxaca (Seculta), Ra\u00fal Ruiz Robles y Flavio Sosa Villavicencio, respectivamente, as\u00ed como del Indautor, acudir\u00e1n el domingo 17 de agosto a una reuni\u00f3n tradicional de la poblaci\u00f3n, como un primer paso hacia la consolidaci\u00f3n de la protecci\u00f3n de este trabajo ancestral.<\/p>\n\n\n\n<p>De esta manera se brindar\u00e1 asesor\u00eda, opciones, as\u00ed como una evaluaci\u00f3n de la situaci\u00f3n particular de registro de este trabajo artesanal.<\/p>\n\n\n\n<p>En este sentido, el presidente municipal de Yal\u00e1lag, Eric Ignacio Fabi\u00e1n coment\u00f3 que \u201cesta artesan\u00eda es sustento de quienes la elaboran; no es para venderla, es para heredarla, por ello se ha levantado la voz\u201d.<\/p>\n\n\n\n<figure class=\"wp-block-embed is-type-rich is-provider-twitter wp-block-embed-twitter\"><div class=\"wp-block-embed__wrapper\">\n<div class=\"twitter-tweet\"><blockquote class=\"twitter-tweet\" data-lang=\"es\"><p lang=\"es\" dir=\"ltr\">A la conferencia de prensa del gobernador <a href=\"https:\/\/twitter.com\/salomonj?ref_src=twsrc%5Etfw\">@salomonj<\/a> de este lunes, acudieron autoridades y representantes del municipio de Villa Hidalgo Yal\u00e1lag, quienes reiteraron su rechazo a la apropiaci\u00f3n del dise\u00f1o de huaraches por parte de la empresa trasnacional Adidas; asimismo,\u2026 <a href=\"https:\/\/t.co\/60QPn24icd\">pic.twitter.com\/60QPn24icd<\/a><\/p>&mdash; Zona Roja Oaxaca (@ZonaRoja_Oaxaca) <a href=\"https:\/\/twitter.com\/ZonaRoja_Oaxaca\/status\/1954975169631428685?ref_src=twsrc%5Etfw\">11 de agosto de 2025<\/a><\/blockquote><\/div>\n<\/div><\/figure>\n\n\n\n<p>Asimismo, las y los habitantes destacaron la importancia de proteger su gastronom\u00eda y vestimenta, para evitar la apropiaci\u00f3n de su bagaje cultural. En el caso de la producci\u00f3n de huaraches, constituye una tradici\u00f3n de aproximadamente 120 a\u00f1os, una herencia que se transmite a las juventudes y un trabajo de servicio comunitario, base de su organizaci\u00f3n gubernamental.<\/p>\n\n\n\n<p>ACUDEN A CONFERENCIA<\/p>\n\n\n\n<p>Previo a esa reuni\u00f3n, autoridades y representantes de Yal\u00e1lag estuvieron presentes en la conferencia de prensa del mandatario en el Palacio de gobierno.<\/p>\n\n\n\n<p>Ah\u00ed, Jara Cruz se\u00f1al\u00f3 que su administraci\u00f3n brinda acompa\u00f1amiento al proceso de reparaci\u00f3n tras el plagio del dise\u00f1o de los huaraches de esta poblaci\u00f3n de la Sierra de Ju\u00e1rez, por parte de la empresa Adidas.<\/p>\n\n\n\n<p>Record\u00f3 que, desde el primer momento en que se tuvo conocimiento de esta acci\u00f3n, denunci\u00f3 este agravio cometido en contra de la poblaci\u00f3n a partir de esta apropiaci\u00f3n indebida de uno de sus dise\u00f1os ancestrales.<\/p>\n\n\n\n<p>\u201cQueremos coadyuvar y marcar un precedente que contribuya a dejar claro que el patrimonio cultural material e inmaterial de nuestros pueblos tiene que ser reconocido y respetado\u201d, dijo.&nbsp;<\/p>\n\n\n\n<p>Al respecto, el presidente municipal de Villa Hidalgo Yalalag, Eric Ignacio Fabi\u00e1n inform\u00f3 que la asamblea comunitaria convoc\u00f3 a la defensa de la riqueza cultural inmaterial de las comunidades originarias que incluyen vestimenta, danzas, artesan\u00edas, m\u00fasica, entre otras.<\/p>\n\n\n\n<p>\u201cSe solicita a la empresa mercantil Adidas y al empresario Willy Chavarr\u00eda suspenda la producci\u00f3n y comercializaci\u00f3n del calzado denominado Oaxaca slip on, ya que el elemento de tejido es representativo de la comunidad de Villa Hidalgo Yalalag\u201d, expuso como uno de los acuerdos tomados por las y los habitantes.<\/p>\n","protected":false},"excerpt":{"rendered":"<p>Redacci\u00f3n\/Zona Roja.&nbsp; Oaxaca, Oax., a 12 de agosto de 2025.- El gobierno de Oaxaca, autoridades&hellip;<\/p>\n","protected":false},"author":2,"featured_media":83432,"comment_status":"closed","ping_status":"open","sticky":false,"template":"","format":"standard","meta":{"_lmt_disableupdate":"","_lmt_disable":"","_jetpack_memberships_contains_paid_content":false,"footnotes":""},"categories":[109,46],"tags":[939,2356],"class_list":["post-83431","post","type-post","status-publish","format-standard","has-post-thumbnail","hentry","category-minuto-a-minuto","category-zona-blanca","tag-salomon-jara-cruz","tag-villa-hidalgo-yalalag"],"jetpack_featured_media_url":"https:\/\/zonaroja.com.mx\/wp-content\/uploads\/2025\/08\/Reunionn-gobernador-Salomon-Jara-y-Yalalag.jpeg","jetpack_sharing_enabled":true,"_links":{"self":[{"href":"https:\/\/zonaroja.com.mx\/index.php?rest_route=\/wp\/v2\/posts\/83431","targetHints":{"allow":["GET"]}}],"collection":[{"href":"https:\/\/zonaroja.com.mx\/index.php?rest_route=\/wp\/v2\/posts"}],"about":[{"href":"https:\/\/zonaroja.com.mx\/index.php?rest_route=\/wp\/v2\/types\/post"}],"author":[{"embeddable":true,"href":"https:\/\/zonaroja.com.mx\/index.php?rest_route=\/wp\/v2\/users\/2"}],"replies":[{"embeddable":true,"href":"https:\/\/zonaroja.com.mx\/index.php?rest_route=%2Fwp%2Fv2%2Fcomments&post=83431"}],"version-history":[{"count":1,"href":"https:\/\/zonaroja.com.mx\/index.php?rest_route=\/wp\/v2\/posts\/83431\/revisions"}],"predecessor-version":[{"id":83433,"href":"https:\/\/zonaroja.com.mx\/index.php?rest_route=\/wp\/v2\/posts\/83431\/revisions\/83433"}],"wp:featuredmedia":[{"embeddable":true,"href":"https:\/\/zonaroja.com.mx\/index.php?rest_route=\/wp\/v2\/media\/83432"}],"wp:attachment":[{"href":"https:\/\/zonaroja.com.mx\/index.php?rest_route=%2Fwp%2Fv2%2Fmedia&parent=83431"}],"wp:term":[{"taxonomy":"category","embeddable":true,"href":"https:\/\/zonaroja.com.mx\/index.php?rest_route=%2Fwp%2Fv2%2Fcategories&post=83431"},{"taxonomy":"post_tag","embeddable":true,"href":"https:\/\/zonaroja.com.mx\/index.php?rest_route=%2Fwp%2Fv2%2Ftags&post=83431"}],"curies":[{"name":"wp","href":"https:\/\/api.w.org\/{rel}","templated":true}]}}