{"id":83434,"date":"2025-08-12T10:15:00","date_gmt":"2025-08-12T16:15:00","guid":{"rendered":"https:\/\/zonaroja.com.mx\/?p=83434"},"modified":"2025-08-12T07:06:33","modified_gmt":"2025-08-12T13:06:33","slug":"mujeres-jovenes-una-de-cada-cuatro-victimas-de-muertes-violentas-en-oaxaca","status":"publish","type":"post","link":"https:\/\/zonaroja.com.mx\/?p=83434","title":{"rendered":"Mujeres j\u00f3venes, una de cada cuatro v\u00edctimas de muertes violentas en Oaxaca"},"content":{"rendered":"\n<p>Lisbeth Mej\u00eda Reyes\/Zona Roja.<\/p>\n\n\n\n<p>Oaxaca, Oax., a 12 de agosto de 2025.- Una de cada cuatro v\u00edctimas de muertes violentas o probables feminicidios en el estado de Oaxaca son mujeres j\u00f3venes de entre 19 y 29 a\u00f1os de edad.&nbsp;<\/p>\n\n\n\n<p>De los 51 asesinatos registrados en lo que va de 2025, entre el 1 de enero y hasta el 8 de agosto, al menos 13 corresponden a mujeres entre 19 y 29 a\u00f1os de edad, de acuerdo con el monitoreo del Grupo de Estudios sobre la Mujer Rosario Castellanos (GES Mujer).<\/p>\n\n\n\n<p>Estas 51 muertes violentas de mujeres son parte de las 255 que se han registrado en la actual administraci\u00f3n estatal del gobernador Salom\u00f3n Jara Cruz, desde el 1 de diciembre de 2022.<\/p>\n\n\n\n<p>En la mayor\u00eda de los casos, el 65% fueron muertes causadas por impacto de bala y del total de casos el 33% fueron feminicidios dentro del \u201chogar\u201d lugar en el que tendr\u00edan que estar protegidas, se\u00f1ala la asociaci\u00f3n civil GES Mujer sobre otros de los aspectos que causan una profunda indignaci\u00f3n ante los asesinatos de mujeres.<\/p>\n\n\n\n<p>\u00abM\u00e1s all\u00e1 de las estad\u00edsticas, cada ni\u00f1a y mujer v\u00edctimas de una violencia feminicida que crece, se extiende y atenta contra las m\u00e1s vulnerables\u00bb, extern\u00f3 la asociaci\u00f3n civil, al citar que pese a la Alerta de Violencia de G\u00e9nero declarada en agosto de 2018 el Estado les fall\u00f3 a las mujeres .<\/p>\n\n\n\n<p>\u00abDolor, indignaci\u00f3n e impunidad es lo que enfrentan sus hijas, hijos, madres, padres, familias enteras, como consecuencia de negligencias u omisiones de Estado que vulner\u00f3 sus derechos\u00bb.<\/p>\n\n\n\n<p>Este 12 de agosto se conmemora el D\u00eda Internacional de la Juventud, un sector de la poblaci\u00f3n que en Oaxaca, principalmente mujeres, tambi\u00e9n enfrenta la informalidad laboral y la falta de acceso a la educaci\u00f3n superior.&nbsp;<\/p>\n\n\n\n<p>Adem\u00e1s de desigualdades y embarazos a temprana edad y\/o que tambi\u00e9n son productos de violaciones.<\/p>\n\n\n\n<p>De acuerdo con el Plan Estatal de Desarrollo 2022-2028, en el estado de Oaxaca alrededor del 30% de la poblaci\u00f3n son personas j\u00f3venes entre los 12 y 29 a\u00f1os, es decir, 3 de cada 10 oaxaque\u00f1as y oaxaque\u00f1os pertenecen al sector de juventudes.&nbsp;<\/p>\n\n\n\n<p>\u00abDentro del sector joven del estado de Oaxaca, uno de los temas principales de inter\u00e9s &nbsp;p\u00fablico es el alza de embarazos adolescentes, ya que abre una brecha social cada vez m\u00e1s significativa en la desigualdad de&nbsp;g\u00e9nero entre hombres y mujeres j\u00f3venes, y&nbsp;merma las oportunidades educativas y laborales de las y los adolescentes del Estado\u00bb, se\u00f1ala el documento que rige la pol\u00edtica en este sexenio.<\/p>\n","protected":false},"excerpt":{"rendered":"<p>Lisbeth Mej\u00eda Reyes\/Zona Roja. Oaxaca, Oax., a 12 de agosto de 2025.- Una de cada&hellip;<\/p>\n","protected":false},"author":2,"featured_media":69878,"comment_status":"closed","ping_status":"open","sticky":false,"template":"","format":"standard","meta":{"_lmt_disableupdate":"","_lmt_disable":"","_jetpack_memberships_contains_paid_content":false,"footnotes":""},"categories":[109,47],"tags":[1081],"class_list":["post-83434","post","type-post","status-publish","format-standard","has-post-thumbnail","hentry","category-minuto-a-minuto","category-zona-gris","tag-feminicidios-en-oaxaca"],"jetpack_featured_media_url":"https:\/\/zonaroja.com.mx\/wp-content\/uploads\/2024\/06\/feminicidio-violencia.webp","jetpack_sharing_enabled":true,"_links":{"self":[{"href":"https:\/\/zonaroja.com.mx\/index.php?rest_route=\/wp\/v2\/posts\/83434","targetHints":{"allow":["GET"]}}],"collection":[{"href":"https:\/\/zonaroja.com.mx\/index.php?rest_route=\/wp\/v2\/posts"}],"about":[{"href":"https:\/\/zonaroja.com.mx\/index.php?rest_route=\/wp\/v2\/types\/post"}],"author":[{"embeddable":true,"href":"https:\/\/zonaroja.com.mx\/index.php?rest_route=\/wp\/v2\/users\/2"}],"replies":[{"embeddable":true,"href":"https:\/\/zonaroja.com.mx\/index.php?rest_route=%2Fwp%2Fv2%2Fcomments&post=83434"}],"version-history":[{"count":1,"href":"https:\/\/zonaroja.com.mx\/index.php?rest_route=\/wp\/v2\/posts\/83434\/revisions"}],"predecessor-version":[{"id":83435,"href":"https:\/\/zonaroja.com.mx\/index.php?rest_route=\/wp\/v2\/posts\/83434\/revisions\/83435"}],"wp:featuredmedia":[{"embeddable":true,"href":"https:\/\/zonaroja.com.mx\/index.php?rest_route=\/wp\/v2\/media\/69878"}],"wp:attachment":[{"href":"https:\/\/zonaroja.com.mx\/index.php?rest_route=%2Fwp%2Fv2%2Fmedia&parent=83434"}],"wp:term":[{"taxonomy":"category","embeddable":true,"href":"https:\/\/zonaroja.com.mx\/index.php?rest_route=%2Fwp%2Fv2%2Fcategories&post=83434"},{"taxonomy":"post_tag","embeddable":true,"href":"https:\/\/zonaroja.com.mx\/index.php?rest_route=%2Fwp%2Fv2%2Ftags&post=83434"}],"curies":[{"name":"wp","href":"https:\/\/api.w.org\/{rel}","templated":true}]}}