{"id":83439,"date":"2025-08-12T12:15:00","date_gmt":"2025-08-12T18:15:00","guid":{"rendered":"https:\/\/zonaroja.com.mx\/?p=83439"},"modified":"2025-08-12T07:17:31","modified_gmt":"2025-08-12T13:17:31","slug":"acepta-la-conagua-recomendacion-de-la-cndh-para-sanear-rio-en-oaxaca","status":"publish","type":"post","link":"https:\/\/zonaroja.com.mx\/?p=83439","title":{"rendered":"Acepta la Conagua recomendaci\u00f3n de la CNDH para sanear r\u00edo en Oaxaca"},"content":{"rendered":"\n<p>Redacci\u00f3n\/Zona Roja.<\/p>\n\n\n\n<p>Oaxaca, Oax., a 12 de agosto de 2025.- La Comisi\u00f3n Nacional del Agua (Conagua) acept\u00f3 el pasado 5 de agosto la recomendaci\u00f3n emitida por la Comisi\u00f3n Nacional de los Derechos Humanos (CNDH) para implementar acciones urgentes de saneamiento y rescate del r\u00edo de \u201cLos Perros\u201d, en el Istmo de Tehuantepec, Oaxaca.<\/p>\n\n\n\n<p>Este avance es resultado del trabajo de la organizaci\u00f3n Litigio Estrat\u00e9gico Ind\u00edgena, que ha liderado una lucha jur\u00eddica sostenida para la defensa del agua y los ecosistemas de Oaxaca.&nbsp;<\/p>\n\n\n\n<p>Gracias a sus denuncias y recursos legales, no solo se impuls\u00f3 la atenci\u00f3n al r\u00edo de \u201cLos Perros\u201d, sino tambi\u00e9n a otros afluentes gravemente contaminados: el \u201cSalado\u201d, \u201cAtoyac\u201d, \u201cPapaloapan\u201d, \u201cMixteco\u201d y \u201cLa Arena\u201d.<\/p>\n\n\n\n<p>La labor de Litigio Estrat\u00e9gico Ind\u00edgena ha dado como fruto las primeras sentencias de amparo en M\u00e9xico que ordenan el rescate integral de estos r\u00edos, marcando un precedente hist\u00f3rico en materia de justicia ambiental y derechos humanos.<\/p>\n\n\n\n<p>Habitantes y colectivos celebraron la decisi\u00f3n de Conagua, aunque subrayaron la importancia de vigilar su cumplimiento. \u201cLa defensa legal ha abierto la puerta para salvar nuestros r\u00edos; ahora el reto es que la restauraci\u00f3n sea una realidad\u201d, se\u00f1al\u00f3 Mariana Y\u00e1\u00f1ez Unda, vicepresidenta de la organizaci\u00f3n.<\/p>\n\n\n\n<p>\u201cEl rescate de estos afluentes es una urgencia ecol\u00f3gica y un compromiso con la memoria, la cultura y el bienestar de las comunidades que dependen de ellos\u201d, indic\u00f3.<\/p>\n","protected":false},"excerpt":{"rendered":"<p>Redacci\u00f3n\/Zona Roja. Oaxaca, Oax., a 12 de agosto de 2025.- La Comisi\u00f3n Nacional del Agua&hellip;<\/p>\n","protected":false},"author":2,"featured_media":83440,"comment_status":"closed","ping_status":"open","sticky":false,"template":"","format":"standard","meta":{"_lmt_disableupdate":"","_lmt_disable":"","_jetpack_memberships_contains_paid_content":false,"footnotes":""},"categories":[109,46],"tags":[3436],"class_list":["post-83439","post","type-post","status-publish","format-standard","has-post-thumbnail","hentry","category-minuto-a-minuto","category-zona-blanca","tag-litigio-estrategico-a-c"],"jetpack_featured_media_url":"https:\/\/zonaroja.com.mx\/wp-content\/uploads\/2025\/08\/Rio-Los-Perros-Istmo.jpg","jetpack_sharing_enabled":true,"_links":{"self":[{"href":"https:\/\/zonaroja.com.mx\/index.php?rest_route=\/wp\/v2\/posts\/83439","targetHints":{"allow":["GET"]}}],"collection":[{"href":"https:\/\/zonaroja.com.mx\/index.php?rest_route=\/wp\/v2\/posts"}],"about":[{"href":"https:\/\/zonaroja.com.mx\/index.php?rest_route=\/wp\/v2\/types\/post"}],"author":[{"embeddable":true,"href":"https:\/\/zonaroja.com.mx\/index.php?rest_route=\/wp\/v2\/users\/2"}],"replies":[{"embeddable":true,"href":"https:\/\/zonaroja.com.mx\/index.php?rest_route=%2Fwp%2Fv2%2Fcomments&post=83439"}],"version-history":[{"count":1,"href":"https:\/\/zonaroja.com.mx\/index.php?rest_route=\/wp\/v2\/posts\/83439\/revisions"}],"predecessor-version":[{"id":83441,"href":"https:\/\/zonaroja.com.mx\/index.php?rest_route=\/wp\/v2\/posts\/83439\/revisions\/83441"}],"wp:featuredmedia":[{"embeddable":true,"href":"https:\/\/zonaroja.com.mx\/index.php?rest_route=\/wp\/v2\/media\/83440"}],"wp:attachment":[{"href":"https:\/\/zonaroja.com.mx\/index.php?rest_route=%2Fwp%2Fv2%2Fmedia&parent=83439"}],"wp:term":[{"taxonomy":"category","embeddable":true,"href":"https:\/\/zonaroja.com.mx\/index.php?rest_route=%2Fwp%2Fv2%2Fcategories&post=83439"},{"taxonomy":"post_tag","embeddable":true,"href":"https:\/\/zonaroja.com.mx\/index.php?rest_route=%2Fwp%2Fv2%2Ftags&post=83439"}],"curies":[{"name":"wp","href":"https:\/\/api.w.org\/{rel}","templated":true}]}}