{"id":83444,"date":"2025-08-12T11:20:00","date_gmt":"2025-08-12T17:20:00","guid":{"rendered":"https:\/\/zonaroja.com.mx\/?p=83444"},"modified":"2025-08-12T07:22:44","modified_gmt":"2025-08-12T13:22:44","slug":"sienta-oaxaca-precedente-historico-en-lucha-contra-apropiacion-cultural","status":"publish","type":"post","link":"https:\/\/zonaroja.com.mx\/?p=83444","title":{"rendered":"Sienta Oaxaca precedente hist\u00f3rico en lucha contra apropiaci\u00f3n cultural"},"content":{"rendered":"\n<p>Redacci\u00f3n\/Zona Roja.<\/p>\n\n\n\n<p>Oaxaca, Oax., a 12 de agosto de 2025.- La intervenci\u00f3n oportuna y contundente del gobierno de Oaxaca y de las autoridades de Villa Hidalgo Yal\u00e1lag, con el respaldo del gobierno de la presidenta Claudia Sheinbaum, fue crucial para impedir que se concretara la apropiaci\u00f3n indebida del patrimonio cultural de esta comunidad.<\/p>\n\n\n\n<p>As\u00ed lo afirm\u00f3 el senador Antonino Morales Toledo, al mencionar que la denuncia hecha por el gobernador Salom\u00f3n Jara trascendi\u00f3 fronteras, forzando a la empresa Adidas y al dise\u00f1ador del modelo \u201cOaxaca Slip On\u201d, Willy Chavarr\u00eda, a aceptar que no ten\u00edan autorizaci\u00f3n de la comunidad y que no dieron debido reconocimiento a los creadores del calzado original.<\/p>\n\n\n\n<p>\u201cOaxaca marca un precedente significativo en la protecci\u00f3n del patrimonio cultural, material e inmaterial de los pueblos originarios no s\u00f3lo de M\u00e9xico, sino del mundo ante grandes corporaciones\u201d.<\/p>\n\n\n\n<p>En este sentido, adelant\u00f3 que en septiembre el Senado trabajar\u00e1 a marchas forzadas para aprobar el paquete de iniciativas prioritarias de la presidenta Sheinbaum, en particular, las reformas a la Ley Federal de Protecci\u00f3n del Patrimonio Cultural de los Pueblos y Comunidades Ind\u00edgenas y Afromexicanos.<\/p>\n\n\n\n<p>Cabe recordar que Morales Toledo se\u00f1al\u00f3 en octubre de 2024 la necesidad de actualizar el marco jur\u00eddico para proteger el patrimonio cultural e intelectual de los pueblos originarios y afromexicano, luego del caso de apropiaci\u00f3n indebida contra el pueblo Mixe por parte de una marca de mezcal.<\/p>\n\n\n\n<p>\u201cLa presidenta Sheinbaum ha hecho eco de la necesidad de proteger a nuestros pueblos originarios de la pr\u00e1ctica extractivista cultural que renombradas empresas llevan a cabo de manera impune, por lo que dentro del marco de las discusiones que arrancan el 1 de septiembre para los legisladores oaxaque\u00f1os ser\u00e1 una prioridad\u201d, indic\u00f3 el senador zapoteco.<\/p>\n\n\n\n<p>Antonino Morales refiri\u00f3 que, de acuerdo con la Cuenta Sat\u00e9lite de Cultura de M\u00e9xico de 2023, la actividad econ\u00f3mica generada por las artesan\u00edas ascendi\u00f3 a 156 mil 356 millones de pesos, lo que represent\u00f3 el 0.52 por ciento del PIB bruto nacional.<\/p>\n\n\n\n<p>La Secretar\u00eda de Cultura report\u00f3 que el PIB por esta producci\u00f3n se concentr\u00f3 principalmente en los estados de Oaxaca, Jalisco, Michoac\u00e1n y Guerrero, estados conocidos por la cantidad y variedad de patrimonio y arte popular que ofrecen.<\/p>\n\n\n\n<p>Las artesan\u00edas generaron ese a\u00f1o 441 mil 335 puestos de trabajo remunerados y estaban registrados 24 mil 519 establecimientos dedicados al comercio de artesan\u00edas, p\u00fablicos y privados.<\/p>\n","protected":false},"excerpt":{"rendered":"<p>Redacci\u00f3n\/Zona Roja. Oaxaca, Oax., a 12 de agosto de 2025.- La intervenci\u00f3n oportuna y contundente&hellip;<\/p>\n","protected":false},"author":2,"featured_media":79190,"comment_status":"closed","ping_status":"open","sticky":false,"template":"","format":"standard","meta":{"_lmt_disableupdate":"","_lmt_disable":"","_jetpack_memberships_contains_paid_content":false,"footnotes":""},"categories":[109,46],"tags":[180],"class_list":["post-83444","post","type-post","status-publish","format-standard","has-post-thumbnail","hentry","category-minuto-a-minuto","category-zona-blanca","tag-antonino-morales-toledo"],"jetpack_featured_media_url":"https:\/\/zonaroja.com.mx\/wp-content\/uploads\/2025\/04\/Antonino-Morales.jpg","jetpack_sharing_enabled":true,"_links":{"self":[{"href":"https:\/\/zonaroja.com.mx\/index.php?rest_route=\/wp\/v2\/posts\/83444","targetHints":{"allow":["GET"]}}],"collection":[{"href":"https:\/\/zonaroja.com.mx\/index.php?rest_route=\/wp\/v2\/posts"}],"about":[{"href":"https:\/\/zonaroja.com.mx\/index.php?rest_route=\/wp\/v2\/types\/post"}],"author":[{"embeddable":true,"href":"https:\/\/zonaroja.com.mx\/index.php?rest_route=\/wp\/v2\/users\/2"}],"replies":[{"embeddable":true,"href":"https:\/\/zonaroja.com.mx\/index.php?rest_route=%2Fwp%2Fv2%2Fcomments&post=83444"}],"version-history":[{"count":1,"href":"https:\/\/zonaroja.com.mx\/index.php?rest_route=\/wp\/v2\/posts\/83444\/revisions"}],"predecessor-version":[{"id":83445,"href":"https:\/\/zonaroja.com.mx\/index.php?rest_route=\/wp\/v2\/posts\/83444\/revisions\/83445"}],"wp:featuredmedia":[{"embeddable":true,"href":"https:\/\/zonaroja.com.mx\/index.php?rest_route=\/wp\/v2\/media\/79190"}],"wp:attachment":[{"href":"https:\/\/zonaroja.com.mx\/index.php?rest_route=%2Fwp%2Fv2%2Fmedia&parent=83444"}],"wp:term":[{"taxonomy":"category","embeddable":true,"href":"https:\/\/zonaroja.com.mx\/index.php?rest_route=%2Fwp%2Fv2%2Fcategories&post=83444"},{"taxonomy":"post_tag","embeddable":true,"href":"https:\/\/zonaroja.com.mx\/index.php?rest_route=%2Fwp%2Fv2%2Ftags&post=83444"}],"curies":[{"name":"wp","href":"https:\/\/api.w.org\/{rel}","templated":true}]}}