{"id":83458,"date":"2025-08-13T10:30:00","date_gmt":"2025-08-13T16:30:00","guid":{"rendered":"https:\/\/zonaroja.com.mx\/?p=83458"},"modified":"2025-08-13T06:38:14","modified_gmt":"2025-08-13T12:38:14","slug":"presentan-proyecto-para-fortalecer-micro-y-pequenas-empresas-en-xoxocotlan","status":"publish","type":"post","link":"https:\/\/zonaroja.com.mx\/?p=83458","title":{"rendered":"Presentan proyecto para fortalecer micro y peque\u00f1as empresas en Xoxocotl\u00e1n"},"content":{"rendered":"\n<p>Redacci\u00f3n\/Zona Roja.<\/p>\n\n\n\n<p>Oaxaca, Oax., a 12 de agosto de 2025.\u2013 En un ejercicio que une innovaci\u00f3n y compromiso con el desarrollo econ\u00f3mico, se present\u00f3 el proyecto y los planes de negocios para 70 micro y peque\u00f1as empresas de Santa Cruz Xoxocotl\u00e1n, con el prop\u00f3sito de fortalecer su competitividad y sostenibilidad.<\/p>\n\n\n\n<p>La reuni\u00f3n informativa tuvo lugar en la sede del ayuntamiento y cont\u00f3 con la participaci\u00f3n de autoridades municipales, encabezadas por la presidenta, Nancy Ben\u00edtez Z\u00e1rate; representantes educativos de la Universidad Tecnol\u00f3gica de los Valles Centrales de Oaxaca (UTVCO), y emprendedores locales.<\/p>\n\n\n\n<p>El proyecto, que ser\u00e1 desarrollado por estudiantes de la Licenciatura en Innovaci\u00f3n de Negocios y Mercadotecnia en coordinaci\u00f3n con la Regidur\u00eda de Desarrollo Econ\u00f3mico, busca brindar herramientas estrat\u00e9gicas que impulsen el crecimiento y consoliden las Mypes locales.&nbsp;<\/p>\n\n\n\n<p>En el evento, la presidenta municipal Nancy Ben\u00edtez Z\u00e1rate destac\u00f3 la importancia de abrir puertas, tender puentes y sembrar oportunidades para las familias xoxe\u00f1as.&nbsp;&nbsp;&nbsp;<\/p>\n\n\n\n<p>\u201cDesde este Gobierno municipal reconocemos los retos de emprender y queremos acompa\u00f1arles con herramientas \u00fatiles, como el plan de negocios que hoy les presentamos. No es una receta, es una gu\u00eda que cada quien puede adaptar para hacer crecer su proyecto\u201d, indic\u00f3 Ben\u00edtez Z\u00e1rate.<\/p>\n\n\n\n<p>Esta iniciativa forma parte del programa de fomento y desarrollo productivo que apuesta por el talento joven y el compromiso empresarial para transformar el futuro econ\u00f3mico de Santa Cruz Xoxocotl\u00e1n.<\/p>\n","protected":false},"excerpt":{"rendered":"<p>Redacci\u00f3n\/Zona Roja. Oaxaca, Oax., a 12 de agosto de 2025.\u2013 En un ejercicio que une&hellip;<\/p>\n","protected":false},"author":2,"featured_media":83459,"comment_status":"closed","ping_status":"open","sticky":false,"template":"","format":"standard","meta":{"_lmt_disableupdate":"","_lmt_disable":"","_jetpack_memberships_contains_paid_content":false,"footnotes":""},"categories":[109,46],"tags":[133],"class_list":["post-83458","post","type-post","status-publish","format-standard","has-post-thumbnail","hentry","category-minuto-a-minuto","category-zona-blanca","tag-santa-cruz-xoxocotlan"],"jetpack_featured_media_url":"https:\/\/zonaroja.com.mx\/wp-content\/uploads\/2025\/08\/Presentan-planes-de-negocios-en-Xoxocotlan-3-1.jpeg","jetpack_sharing_enabled":true,"_links":{"self":[{"href":"https:\/\/zonaroja.com.mx\/index.php?rest_route=\/wp\/v2\/posts\/83458","targetHints":{"allow":["GET"]}}],"collection":[{"href":"https:\/\/zonaroja.com.mx\/index.php?rest_route=\/wp\/v2\/posts"}],"about":[{"href":"https:\/\/zonaroja.com.mx\/index.php?rest_route=\/wp\/v2\/types\/post"}],"author":[{"embeddable":true,"href":"https:\/\/zonaroja.com.mx\/index.php?rest_route=\/wp\/v2\/users\/2"}],"replies":[{"embeddable":true,"href":"https:\/\/zonaroja.com.mx\/index.php?rest_route=%2Fwp%2Fv2%2Fcomments&post=83458"}],"version-history":[{"count":1,"href":"https:\/\/zonaroja.com.mx\/index.php?rest_route=\/wp\/v2\/posts\/83458\/revisions"}],"predecessor-version":[{"id":83460,"href":"https:\/\/zonaroja.com.mx\/index.php?rest_route=\/wp\/v2\/posts\/83458\/revisions\/83460"}],"wp:featuredmedia":[{"embeddable":true,"href":"https:\/\/zonaroja.com.mx\/index.php?rest_route=\/wp\/v2\/media\/83459"}],"wp:attachment":[{"href":"https:\/\/zonaroja.com.mx\/index.php?rest_route=%2Fwp%2Fv2%2Fmedia&parent=83458"}],"wp:term":[{"taxonomy":"category","embeddable":true,"href":"https:\/\/zonaroja.com.mx\/index.php?rest_route=%2Fwp%2Fv2%2Fcategories&post=83458"},{"taxonomy":"post_tag","embeddable":true,"href":"https:\/\/zonaroja.com.mx\/index.php?rest_route=%2Fwp%2Fv2%2Ftags&post=83458"}],"curies":[{"name":"wp","href":"https:\/\/api.w.org\/{rel}","templated":true}]}}