{"id":83467,"date":"2025-08-13T09:15:00","date_gmt":"2025-08-13T15:15:00","guid":{"rendered":"https:\/\/zonaroja.com.mx\/?p=83467"},"modified":"2025-08-13T07:24:50","modified_gmt":"2025-08-13T13:24:50","slug":"ataca-cocodrilo-a-dos-personas-en-la-costa-de-oaxaca","status":"publish","type":"post","link":"https:\/\/zonaroja.com.mx\/?p=83467","title":{"rendered":"Ataca cocodrilo a dos personas en la Costa de Oaxaca"},"content":{"rendered":"\n<p>Ismael Garc\u00eda M.\/Zona Roja.<\/p>\n\n\n\n<p>Oaxaca, Oax., a 13 de agosto de 2025.- Dos personas del sexo masculino fueron atacadas ayer por la tarde en La Ventanilla, perteneciente al municipio de Santa Mar\u00eda Tonameca, Oaxaca.<\/p>\n\n\n\n<p>De acuerdo con los primeros reportes de la asociaci\u00f3n civil Ventanilla Salvaje, se trata de dos turistas originarios del estado de Tlaxcala quienes observaban a los reptiles a la orilla de la laguna, cuando el reptil se les abalanz\u00f3.<\/p>\n\n\n\n<p>Los salvavidas Andr\u00e9s Arango y Joab Escamilla auxiliaron a las personas y las trasladaron a un hospital de San Pedro Pochutla; presentan diversas lesiones, principalmente en brazos y piernas y los reportan estables de salud.<\/p>\n\n\n\n<p>\u201cLUCHO\u201d MUERTO<\/p>\n\n\n\n<p>Por otra parte, ayer se confirm\u00f3 que la Procuradur\u00eda Federal de Protecci\u00f3n al Ambiente (Profepa) present\u00f3 una denuncia ante la Fiscal\u00eda General de la Rep\u00fablica con la finalidad de que se indague la muerte de un longevo cocodrilo de La Ventanilla.<\/p>\n\n\n\n<p>La queja es contra la Sociedad Cooperativa Servicios Ecotur\u00edsticos de La Ventanilla, por su probable responsabilidad en el fallecimiento del reptil conocido como \u201cLucho\u201d.<\/p>\n\n\n\n<p>De acuerdo con diversas versiones, el ejemplar fue sometido meses antes a una cirug\u00eda, con fines demostrativos durante un taller, sin autorizaci\u00f3n de la Profepa. La intervenci\u00f3n habr\u00eda provocado una infecci\u00f3n que pudo derivar en su muerte.<\/p>\n\n\n\n<p>Por estos hechos, la Profepa present\u00f3 la denuncia el 11 de agosto para que se deslinden responsabilidades y se investigue la actuaci\u00f3n de quienes se encargan de la Unidad de Manejo para la Conservaci\u00f3n de Vida Silvestre \u201cLa Ventanilla\u201d, report\u00f3 el periodista Omar Gasga.<\/p>\n\n\n\n<p>El cocodrilo \u201cLucho\u201d estaba bajo resguardo legal desde 2005 y se encuentra enlistado en la Norma Oficial Mexicana NOM-059-SEMARNAT-2010 como especie sujeta a protecci\u00f3n especial, adem\u00e1s de estar incluido en el Ap\u00e9ndice II de la Convenci\u00f3n CITES, que regula el comercio internacional de especies silvestres en riesgo.<\/p>\n","protected":false},"excerpt":{"rendered":"<p>Ismael Garc\u00eda M.\/Zona Roja. Oaxaca, Oax., a 13 de agosto de 2025.- Dos personas del&hellip;<\/p>\n","protected":false},"author":2,"featured_media":83468,"comment_status":"closed","ping_status":"open","sticky":false,"template":"","format":"standard","meta":{"_lmt_disableupdate":"","_lmt_disable":"","_jetpack_memberships_contains_paid_content":false,"footnotes":""},"categories":[109,46],"tags":[4402],"class_list":["post-83467","post","type-post","status-publish","format-standard","has-post-thumbnail","hentry","category-minuto-a-minuto","category-zona-blanca","tag-la-ventanilla-tonameca"],"jetpack_featured_media_url":"https:\/\/zonaroja.com.mx\/wp-content\/uploads\/2025\/08\/Cocodrilo-La-Ventanilla-Tonameca.webp","jetpack_sharing_enabled":true,"_links":{"self":[{"href":"https:\/\/zonaroja.com.mx\/index.php?rest_route=\/wp\/v2\/posts\/83467","targetHints":{"allow":["GET"]}}],"collection":[{"href":"https:\/\/zonaroja.com.mx\/index.php?rest_route=\/wp\/v2\/posts"}],"about":[{"href":"https:\/\/zonaroja.com.mx\/index.php?rest_route=\/wp\/v2\/types\/post"}],"author":[{"embeddable":true,"href":"https:\/\/zonaroja.com.mx\/index.php?rest_route=\/wp\/v2\/users\/2"}],"replies":[{"embeddable":true,"href":"https:\/\/zonaroja.com.mx\/index.php?rest_route=%2Fwp%2Fv2%2Fcomments&post=83467"}],"version-history":[{"count":1,"href":"https:\/\/zonaroja.com.mx\/index.php?rest_route=\/wp\/v2\/posts\/83467\/revisions"}],"predecessor-version":[{"id":83469,"href":"https:\/\/zonaroja.com.mx\/index.php?rest_route=\/wp\/v2\/posts\/83467\/revisions\/83469"}],"wp:featuredmedia":[{"embeddable":true,"href":"https:\/\/zonaroja.com.mx\/index.php?rest_route=\/wp\/v2\/media\/83468"}],"wp:attachment":[{"href":"https:\/\/zonaroja.com.mx\/index.php?rest_route=%2Fwp%2Fv2%2Fmedia&parent=83467"}],"wp:term":[{"taxonomy":"category","embeddable":true,"href":"https:\/\/zonaroja.com.mx\/index.php?rest_route=%2Fwp%2Fv2%2Fcategories&post=83467"},{"taxonomy":"post_tag","embeddable":true,"href":"https:\/\/zonaroja.com.mx\/index.php?rest_route=%2Fwp%2Fv2%2Ftags&post=83467"}],"curies":[{"name":"wp","href":"https:\/\/api.w.org\/{rel}","templated":true}]}}