{"id":83470,"date":"2025-08-13T11:00:00","date_gmt":"2025-08-13T17:00:00","guid":{"rendered":"https:\/\/zonaroja.com.mx\/?p=83470"},"modified":"2025-08-13T07:44:35","modified_gmt":"2025-08-13T13:44:35","slug":"reitera-cabildo-que-acuerdo-sobre-el-creston-es-para-regularizar-colonias","status":"publish","type":"post","link":"https:\/\/zonaroja.com.mx\/?p=83470","title":{"rendered":"Reitera Cabildo que acuerdo sobre el \u00abCrest\u00f3n\u00bb es para regularizar colonias"},"content":{"rendered":"\n<p>Lisbeth Mej\u00eda Reyes\/Zona Roja.<\/p>\n\n\n\n<p>Oaxaca, Oax., a 13 de agosto de 2025.- A dos semanas de haberse aprobado un acuerdo para levantar las restricciones de tr\u00e1mites relacionados con las reservas y \u00e1reas naturales protegidas ubicadas en la ciudad de Oaxaca, el presidente municipal, Raymundo Chagoya Villanueva, reiter\u00f3 que la decisi\u00f3n del cabildo es \u00fanicamente para regularizar las 44 colonias que ya est\u00e1n en la zona urbanizada del pol\u00edgono. Adem\u00e1s de informar sobre la instalaci\u00f3n del comit\u00e9 de co administraci\u00f3n de la zona urbanizada.<\/p>\n\n\n\n<p>Esto a ra\u00edz de las preocupaciones que han mostrado diversos sectores de la sociedad civil, que han cuestionado el levantamiento de restricciones y temen que siga avanzando la mancha urbana, adem\u00e1s de que esto beneficie a quienes tienen intereses inmobiliarios en el cerro del \u201cCrest\u00f3n\u201d y otras \u00e1reas del pol\u00edgono.<\/p>\n\n\n\n<p>\u00abEl punto de acuerdo que en semanas pasadas fue aprobado aqu\u00ed en el Cabildo radica \u00fanicamente respecto a las 44 colonias que est\u00e1n ya asentadas, que est\u00e1n bien urbanizadas, en cuanto a darles certeza, en cuanto a darles esa seguridad que se requiere respecto al inmueble, a la obra, a la construcci\u00f3n\u00bb, explic\u00f3 el edil durante la sesi\u00f3n ordinaria de cabildo de este martes.<\/p>\n\n\n\n<p>El acuerdo del 29 de julio consisti\u00f3 en dejar sin efecto tres acuerdos municipales relacionados con esta \u00e1rea natural protegida que decret\u00f3 en 1992 el gobierno estatal. Los acuerdos que quedaron sin efecto son uno del 2010, otro 2021 y uno m\u00e1s de 2022.&nbsp;<\/p>\n\n\n\n<p>Los dos \u00faltimos se\u00f1alaban que quedaban suspendidos todos los tr\u00e1mites y autorizaciones para apeos, deslindes, cambio de uso de suelo, construcci\u00f3n y otros que pudieran afectar a las \u00e1reas naturales de la ciudad y que la restricci\u00f3n se manten\u00eda hasta en tanto no se contara con un programa de manejo de tales zonas.<\/p>\n\n\n\n<p>Seg\u00fan el gobierno estatal, de las mil 239 hect\u00e1reas que abarca el pol\u00edgono de la zona del Crest\u00f3n-Cruz Blanca-Fort\u00edn, el 31 por ciento ya est\u00e1 urbanizado. Es decir, ya tienen asentamientos que ahora junto con el gobierno municipal se tienen que administrar para regularlas y garantizar los servicios b\u00e1sicos.<\/p>\n\n\n\n<p>Sobre el resto de la zona de reserva que a\u00fan no ha sido urbanizada, el presidente municipal se\u00f1al\u00f3 que su manejo es una facultad del gobierno estatal.<\/p>\n\n\n\n<p>EN EL CONGRESO<\/p>\n\n\n\n<p>Este martes, a una semana de su protesta en la Plaza de la Danza, el activista Carlos Morales Mart\u00ednez exigi\u00f3 a la comisi\u00f3n de medio ambiente del Congreso local echar abajo el reciente acuerdo del cabildo de Oaxaca de Ju\u00e1rez.&nbsp;<\/p>\n\n\n\n<p>Adem\u00e1s de que revise la delimitaci\u00f3n del pol\u00edgono hecha en 2024 por el gobierno estatal, pues estima que de las m\u00e1s de dos mil 300 hect\u00e1reas que se ten\u00edan, la nueva medici\u00f3n la redujo a casi la mitad.<\/p>\n\n\n\n<p>Morales, fundador y presidente de la asociaci\u00f3n civil \u201cColmillo Blanco\u201d, se dirigi\u00f3 al pleno desde la tribuna para exigir que tambi\u00e9n se delimite el pol\u00edgono f\u00edsicamente, a fin de proteger la zona. Posteriormente, fue atendido por un grupo de legisladores.<\/p>\n","protected":false},"excerpt":{"rendered":"<p>Lisbeth Mej\u00eda Reyes\/Zona Roja. Oaxaca, Oax., a 13 de agosto de 2025.- A dos semanas&hellip;<\/p>\n","protected":false},"author":2,"featured_media":83471,"comment_status":"closed","ping_status":"open","sticky":false,"template":"","format":"standard","meta":{"_lmt_disableupdate":"","_lmt_disable":"","_jetpack_memberships_contains_paid_content":false,"footnotes":""},"categories":[109,46],"tags":[148,4403],"class_list":["post-83470","post","type-post","status-publish","format-standard","has-post-thumbnail","hentry","category-minuto-a-minuto","category-zona-blanca","tag-oaxaca-de-juarez","tag-ray-chagoya"],"jetpack_featured_media_url":"https:\/\/zonaroja.com.mx\/wp-content\/uploads\/2025\/08\/Ray-Chagoya-sesion-de-Cabildo.jpeg","jetpack_sharing_enabled":true,"_links":{"self":[{"href":"https:\/\/zonaroja.com.mx\/index.php?rest_route=\/wp\/v2\/posts\/83470","targetHints":{"allow":["GET"]}}],"collection":[{"href":"https:\/\/zonaroja.com.mx\/index.php?rest_route=\/wp\/v2\/posts"}],"about":[{"href":"https:\/\/zonaroja.com.mx\/index.php?rest_route=\/wp\/v2\/types\/post"}],"author":[{"embeddable":true,"href":"https:\/\/zonaroja.com.mx\/index.php?rest_route=\/wp\/v2\/users\/2"}],"replies":[{"embeddable":true,"href":"https:\/\/zonaroja.com.mx\/index.php?rest_route=%2Fwp%2Fv2%2Fcomments&post=83470"}],"version-history":[{"count":1,"href":"https:\/\/zonaroja.com.mx\/index.php?rest_route=\/wp\/v2\/posts\/83470\/revisions"}],"predecessor-version":[{"id":83472,"href":"https:\/\/zonaroja.com.mx\/index.php?rest_route=\/wp\/v2\/posts\/83470\/revisions\/83472"}],"wp:featuredmedia":[{"embeddable":true,"href":"https:\/\/zonaroja.com.mx\/index.php?rest_route=\/wp\/v2\/media\/83471"}],"wp:attachment":[{"href":"https:\/\/zonaroja.com.mx\/index.php?rest_route=%2Fwp%2Fv2%2Fmedia&parent=83470"}],"wp:term":[{"taxonomy":"category","embeddable":true,"href":"https:\/\/zonaroja.com.mx\/index.php?rest_route=%2Fwp%2Fv2%2Fcategories&post=83470"},{"taxonomy":"post_tag","embeddable":true,"href":"https:\/\/zonaroja.com.mx\/index.php?rest_route=%2Fwp%2Fv2%2Ftags&post=83470"}],"curies":[{"name":"wp","href":"https:\/\/api.w.org\/{rel}","templated":true}]}}