{"id":83475,"date":"2025-08-13T11:16:00","date_gmt":"2025-08-13T17:16:00","guid":{"rendered":"https:\/\/zonaroja.com.mx\/?p=83475"},"modified":"2025-08-13T08:18:15","modified_gmt":"2025-08-13T14:18:15","slug":"fortalece-sectur-oaxaca-promocion-turistica-y-conectividad-aerea-en-monterrey","status":"publish","type":"post","link":"https:\/\/zonaroja.com.mx\/?p=83475","title":{"rendered":"Fortalece Sectur Oaxaca promoci\u00f3n tur\u00edstica y conectividad a\u00e9rea en Monterrey"},"content":{"rendered":"\n<p>Redacci\u00f3n\/Zona Roja.<\/p>\n\n\n\n<p>Oaxaca, Oax., a 13 de agosto de 2025.- La titular de la Secretar\u00eda de Turismo (Sectur), Saymi Pineda Velasco, encabez\u00f3 la presentaci\u00f3n de destino de Oaxaca en Monterrey, Nuevo Le\u00f3n, a fin de promover la oferta tur\u00edstica del estado en uno de los mercados m\u00e1s importantes del pa\u00eds, que permita generar mayor afluencia de visitantes e incrementar la derrama econ\u00f3mica.<\/p>\n\n\n\n<p>Ante 200 agentes de viajes, as\u00ed como representantes de las aerol\u00edneas Viva y Volaris, mostr\u00f3 las riquezas tur\u00edsticas de los tres principales destinos de la entidad, adem\u00e1s de festividades emblem\u00e1ticas como la Guelaguetza.<\/p>\n\n\n\n<p>Pineda Velasco destac\u00f3 que por instrucci\u00f3n del gobernador Salom\u00f3n Jara Cruz se trabaja en las estrategias para atraer mercados nacionales y reafirmar a Oaxaca como el Coraz\u00f3n Cultural de M\u00e9xico y una tierra orgullosa de sus ra\u00edces.<\/p>\n\n\n\n<p>Cabe destacar que, de enero a julio de 2025, se registraron 72 mil 144 asientos de avi\u00f3n ocupados de la capital neolonesa a la ciudad de Oaxaca, Bah\u00edas de Huatulco y Puerto Escondido.<\/p>\n\n\n\n<p>La secretaria de Turismo de Monterrey, Maricarmen Mart\u00ednez Villareal afirm\u00f3 que Oaxaca es uno de los estados con la mayor variedad de oferta tur\u00edstica y con conectividad v\u00eda a\u00e9rea, lo que facilita que m\u00e1s regiomontanos lo visiten.<\/p>\n\n\n\n<p>Destac\u00f3 que las y los oaxaque\u00f1os tambi\u00e9n pueden viajar para disfrutar de la gastronom\u00eda de Monterrey, la capital de los negocios y el centro industrial del pa\u00eds.<\/p>\n","protected":false},"excerpt":{"rendered":"<p>Redacci\u00f3n\/Zona Roja. Oaxaca, Oax., a 13 de agosto de 2025.- La titular de la Secretar\u00eda&hellip;<\/p>\n","protected":false},"author":2,"featured_media":83476,"comment_status":"closed","ping_status":"open","sticky":false,"template":"","format":"standard","meta":{"_lmt_disableupdate":"","_lmt_disable":"","_jetpack_memberships_contains_paid_content":false,"footnotes":""},"categories":[109,46],"tags":[1031],"class_list":["post-83475","post","type-post","status-publish","format-standard","has-post-thumbnail","hentry","category-minuto-a-minuto","category-zona-blanca","tag-secretaria-de-turismo-oaxaca"],"jetpack_featured_media_url":"https:\/\/zonaroja.com.mx\/wp-content\/uploads\/2025\/08\/Fortalece-Sectur-Oaxaca-promocion-turistica-y-conectividad-aerea-en-Monterrey-1.jpeg","jetpack_sharing_enabled":true,"_links":{"self":[{"href":"https:\/\/zonaroja.com.mx\/index.php?rest_route=\/wp\/v2\/posts\/83475","targetHints":{"allow":["GET"]}}],"collection":[{"href":"https:\/\/zonaroja.com.mx\/index.php?rest_route=\/wp\/v2\/posts"}],"about":[{"href":"https:\/\/zonaroja.com.mx\/index.php?rest_route=\/wp\/v2\/types\/post"}],"author":[{"embeddable":true,"href":"https:\/\/zonaroja.com.mx\/index.php?rest_route=\/wp\/v2\/users\/2"}],"replies":[{"embeddable":true,"href":"https:\/\/zonaroja.com.mx\/index.php?rest_route=%2Fwp%2Fv2%2Fcomments&post=83475"}],"version-history":[{"count":1,"href":"https:\/\/zonaroja.com.mx\/index.php?rest_route=\/wp\/v2\/posts\/83475\/revisions"}],"predecessor-version":[{"id":83477,"href":"https:\/\/zonaroja.com.mx\/index.php?rest_route=\/wp\/v2\/posts\/83475\/revisions\/83477"}],"wp:featuredmedia":[{"embeddable":true,"href":"https:\/\/zonaroja.com.mx\/index.php?rest_route=\/wp\/v2\/media\/83476"}],"wp:attachment":[{"href":"https:\/\/zonaroja.com.mx\/index.php?rest_route=%2Fwp%2Fv2%2Fmedia&parent=83475"}],"wp:term":[{"taxonomy":"category","embeddable":true,"href":"https:\/\/zonaroja.com.mx\/index.php?rest_route=%2Fwp%2Fv2%2Fcategories&post=83475"},{"taxonomy":"post_tag","embeddable":true,"href":"https:\/\/zonaroja.com.mx\/index.php?rest_route=%2Fwp%2Fv2%2Ftags&post=83475"}],"curies":[{"name":"wp","href":"https:\/\/api.w.org\/{rel}","templated":true}]}}