{"id":83481,"date":"2025-08-13T13:25:00","date_gmt":"2025-08-13T19:25:00","guid":{"rendered":"https:\/\/zonaroja.com.mx\/?p=83481"},"modified":"2025-08-13T08:26:06","modified_gmt":"2025-08-13T14:26:06","slug":"invitan-a-la-feria-del-empleo-y-emprendimiento-jovenes-hacia-la-prosperidad","status":"publish","type":"post","link":"https:\/\/zonaroja.com.mx\/?p=83481","title":{"rendered":"Invitan a la Feria del Empleo y Emprendimiento \u201cJ\u00f3venes hacia la Prosperidad\u201d"},"content":{"rendered":"\n<p>Redacci\u00f3n\/Zona Roja.<\/p>\n\n\n\n<p>Oaxaca, Oax., a 12 de agosto de 2025.\u2013 Con el objetivo de acercar oportunidades laborales, fortalecer las capacidades de emprendimiento y promover el desarrollo econ\u00f3mico de la capital, el ayuntamiento de Oaxaca de Ju\u00e1rez, a trav\u00e9s de la Secretar\u00eda de Prosperidad Econ\u00f3mica Vecinal y el Instituto Municipal de la Juventud, realizar\u00e1 la Feria del Empleo y Emprendimiento \u201cJ\u00f3venes hacia la Prosperidad\u201d este 14 de agosto, en el segundo patio del Palacio Municipal, de 9:00 a 15:00 horas.<\/p>\n\n\n\n<p>Esta feria se convierte en un espacio estrat\u00e9gico para que la ciudadan\u00eda, en especial las y los j\u00f3venes, puedan vincularse con empresas, conocer opciones de empleo, recibir orientaci\u00f3n para iniciar o consolidar proyectos y acceder a herramientas que impulsen su crecimiento profesional y productivo.<\/p>\n\n\n\n<p>Adem\u00e1s de la oferta de vacantes, se desarrollar\u00e1n ponencias y actividades formativas en temas clave para el mundo laboral y empresarial, como estrategias de marketing, atenci\u00f3n al cliente, salud mental y productividad, as\u00ed como aspectos legales y de gesti\u00f3n para emprendedores.<\/p>\n\n\n\n<p>El gobierno municipal invita a participar en esta jornada que busca abrir caminos hacia la prosperidad, fomentando una ciudad con m\u00e1s oportunidades, innovaci\u00f3n y bienestar para todas y todos.<\/p>\n","protected":false},"excerpt":{"rendered":"<p>Redacci\u00f3n\/Zona Roja. Oaxaca, Oax., a 12 de agosto de 2025.\u2013 Con el objetivo de acercar&hellip;<\/p>\n","protected":false},"author":2,"featured_media":71093,"comment_status":"closed","ping_status":"open","sticky":false,"template":"","format":"standard","meta":{"_lmt_disableupdate":"","_lmt_disable":"","_jetpack_memberships_contains_paid_content":false,"footnotes":""},"categories":[109,46],"tags":[148],"class_list":["post-83481","post","type-post","status-publish","format-standard","has-post-thumbnail","hentry","category-minuto-a-minuto","category-zona-blanca","tag-oaxaca-de-juarez"],"jetpack_featured_media_url":"https:\/\/zonaroja.com.mx\/wp-content\/uploads\/2024\/08\/desempleo.jpg","jetpack_sharing_enabled":true,"_links":{"self":[{"href":"https:\/\/zonaroja.com.mx\/index.php?rest_route=\/wp\/v2\/posts\/83481","targetHints":{"allow":["GET"]}}],"collection":[{"href":"https:\/\/zonaroja.com.mx\/index.php?rest_route=\/wp\/v2\/posts"}],"about":[{"href":"https:\/\/zonaroja.com.mx\/index.php?rest_route=\/wp\/v2\/types\/post"}],"author":[{"embeddable":true,"href":"https:\/\/zonaroja.com.mx\/index.php?rest_route=\/wp\/v2\/users\/2"}],"replies":[{"embeddable":true,"href":"https:\/\/zonaroja.com.mx\/index.php?rest_route=%2Fwp%2Fv2%2Fcomments&post=83481"}],"version-history":[{"count":1,"href":"https:\/\/zonaroja.com.mx\/index.php?rest_route=\/wp\/v2\/posts\/83481\/revisions"}],"predecessor-version":[{"id":83482,"href":"https:\/\/zonaroja.com.mx\/index.php?rest_route=\/wp\/v2\/posts\/83481\/revisions\/83482"}],"wp:featuredmedia":[{"embeddable":true,"href":"https:\/\/zonaroja.com.mx\/index.php?rest_route=\/wp\/v2\/media\/71093"}],"wp:attachment":[{"href":"https:\/\/zonaroja.com.mx\/index.php?rest_route=%2Fwp%2Fv2%2Fmedia&parent=83481"}],"wp:term":[{"taxonomy":"category","embeddable":true,"href":"https:\/\/zonaroja.com.mx\/index.php?rest_route=%2Fwp%2Fv2%2Fcategories&post=83481"},{"taxonomy":"post_tag","embeddable":true,"href":"https:\/\/zonaroja.com.mx\/index.php?rest_route=%2Fwp%2Fv2%2Ftags&post=83481"}],"curies":[{"name":"wp","href":"https:\/\/api.w.org\/{rel}","templated":true}]}}