{"id":8349,"date":"2020-02-02T22:34:51","date_gmt":"2020-02-03T04:34:51","guid":{"rendered":"http:\/\/www.zonaroja.com.mx\/?p=8349"},"modified":"2020-02-09T20:15:07","modified_gmt":"2020-02-10T02:15:07","slug":"opinion-se-acabo-el-sexenio-de-alejandro-murat-aviles-y-bolanos-en-rapina-i","status":"publish","type":"post","link":"https:\/\/zonaroja.com.mx\/?p=8349","title":{"rendered":"Opini\u00f3n. Se acab\u00f3 el sexenio de Alejandro Murat; Avil\u00e9s y Bola\u00f1os, en rapi\u00f1a (I)"},"content":{"rendered":"\n<p>Ismael Garc\u00eda M.\/Zona Roja.<\/p>\n\n\n\n<p>Oaxaca de Ju\u00e1rez, Oax., 3 de febrero de 2020.- Rebasada la mitad del sexenio, a Alejandro Murat Hinojosa pr\u00e1cticamente se le termin\u00f3 el gobierno y tras ello, comenz\u00f3 la rapi\u00f1a pol\u00edtica.<\/p>\n\n\n\n<p>Luego de un trienio de extrema\nviolencia generalizada y feminicida; de nulas obras; de escasos apoyos\nestatales al campo; de creciente desempleo; de constantes protestas sociales y,\nsobre todo, amarrado su futuro pol\u00edtico con Andr\u00e9s Manuel L\u00f3pez Obrador, el\ngobernante mismo dio el banderazo de salida:<\/p>\n\n\n\n<p>\u201cUn gusto reunirme con el diputado Alejandro\nAvil\u00e9s; juntos, planeamos la agenda de trabajo de este 2020 para impulsar\nproyectos que sigan encaminando al estado por la ruta del desarrollo\u201d, tuite\u00f3\nel pasado 8 de enero, a su regreso de vacaciones en el extranjero; un d\u00eda\ndespu\u00e9s, acudi\u00f3 al festejo cumplea\u00f1ero del pol\u00edtico priista.<\/p>\n\n\n\n<p>Lo mismo hizo el 7 de enero con el otro aspirante: \u201cMe re\u00fano con el senador  Ra\u00fal Bola\u00f1os Cacho Cu\u00e9, para tratar\ntemas relacionados con proyectos en favor del desarrollo de Oaxaca. Juntos,\nharemos equipo en este 2020 para seguir avanzando por la ruta correcta\u201d.<\/p>\n\n\n\n<p>Texto semejante para no contrariar a\nninguno; banderazo oficial de arranque de la disputa por el poder. Sin embargo.<\/p>\n\n\n\n<p>Pr\u00e1cticamente desde que asumi\u00f3 la\nsenadur\u00eda, Bola\u00f1os Cacho Cu\u00e9 se ha refugiado en las faldas de Ivette Mor\u00e1n de\nMurat que, bajo la bandera de atender las causas sociales a trav\u00e9s de m\u00f3dulos itinerantes,\nambos placean su imagen\u2026 con recursos p\u00fablicos.<\/p>\n\n\n\n<p>Bola\u00f1os Cacho Cu\u00e9, sin ninguna acci\u00f3n\npositiva qu\u00e9 presumir desde el Senado, m\u00e1s que la docilidad desde el PVEM hacia\nMorena, acude cada semana a las giras de trabajo, donde la instrucci\u00f3n desde el\nDIF a los funcionarios es promover que todos los apoyos son gestionados por el\nsenador, aunque no sea as\u00ed.<\/p>\n\n\n\n<p>El legislador, con escasa experiencia\npol\u00edtica y perdedor en la contienda electoral al senado en el 2018, dej\u00f3 muchos\ncabos sueltos, entre ellos deudas con proveedores, por las cuales ha sido\nexhibido incluso en espectaculares en la ciudad de Oaxaca, como ocurri\u00f3 en\nnoviembre pasado.<\/p>\n\n\n\n<p>No se distingue por sus posturas en la\nC\u00e1mara alta, mucho menos por la brillantez de iniciativas o de discursos en\ntribuna; navega, pr\u00e1cticamente. Ni siquiera es capaz de defender cuando menos\nen palabras al PRI o al Verde Ecologista, cuando son apabullados por los\nmorenistas y sus aliados; su docilidad es alta.<\/p>\n\n\n\n<p>Con cargo al erario, renta lujosas\noficinas en la avenida Hidalgo en la capital y promueve tambi\u00e9n a Jos\u00e9 Antonio\nEstefan hijo, actual dirigente, para un cargo de elecci\u00f3n popular, pero ambos\nse distinguen m\u00e1s por ser juniors que expertos en la pol\u00edtica.<\/p>\n\n\n\n<p>No tiene, por mucho, cepa de l\u00edder o de\nhombre cercano a la gente, a la poblaci\u00f3n ind\u00edgena, a los pobres, que siguen\nabundando en Oaxaca. Su \u00fanico futuro pol\u00edtico es seguir haciendo genuflexiones\nhacia Morena y hacia Ricardo Monreal \u00c1vila.<\/p>\n\n\n\n<p>El otro es Alejandro Avil\u00e9s, que lo\nmismo juega con Jos\u00e9 Murat que con Ulises Ruiz Ortiz; lo mismo pacta con grupos\nque desestabilizan el gobierno de Alejandro Murat, que con los que mantienen\nasolada la entidad con la inseguridad.<\/p>\n\n\n\n<p>Es un pol\u00edtico veleidoso y\nconvenenciero y lo sabe el actual gobernador; negocia para s\u00ed, m\u00e1s que para el\ngobierno; en el Congreso local pacta para s\u00ed, m\u00e1s que para Oaxaca o el PRI. <\/p>\n\n\n\n<p>Son conocidas sus relaciones cercanas, de\namistad y de negocios, con el diputado local por Morena, Ericel G\u00f3mez\nNucamendi, y presume que controla y \u201ccomen de su mano\u201d, tanto el due\u00f1o del\ndiario \u201cNoticias\u201d como otros nueve legisladores de Morena, entre ellos Oth\u00f3n\nCuevas y hasta Arcelia L\u00f3pez Hern\u00e1ndez, la hermana del dirigente de la Secci\u00f3n\n22 del SNTE.<\/p>\n\n\n\n<p>Pero en su carrera pol\u00edtica siembre ha prevalecido\nla pol\u00e9mica; fugaz delegado de la extinta Sedesol, oper\u00f3 desde ah\u00ed algunos\nprogramas sociales para el PRI; fugaz secretario General de Gobierno, place\u00f3 y\napoy\u00f3 al Codedi del belicoso Abraham Ram\u00edrez, que continuamente pone en jaque\nal gobierno.<\/p>\n\n\n\n<p>Fugaz su paso, porque fue pillado por\nutilizar recursos p\u00fablicos, como el helic\u00f3ptero oficial, para trasladar a una\nplaya a su familia.<\/p>\n\n\n\n<p>Jura a pie juntillas que le sirve y\nobedece a Alejandro Murat y a Jos\u00e9 Murat, pero dientes para fuera, sus\nintereses siguen con Ulises Ruiz; dos veces diputado local, se ha distinguido\nm\u00e1s por relaciones turbias y manejos poco transparentes del erario en el\nCongreso.<\/p>\n\n\n\n<p>Se ofrece, cada vez que puede, como\nnegociador para atender los problemas sociales e incluso no le importa exhibir\na H\u00e9ctor Anuar Mafud como incapaz, con tal de lograr la secretar\u00eda General para\nuno de sus allegados.<\/p>\n\n\n\n<p>Mantiene piezas en la propia oficina\ndel gobernador y pretende impulsar a varios cuadros en los cambios que har\u00e1\nAlejandro Murat a su gabinete, en breves d\u00edas.<\/p>\n\n\n\n<p>No le importan las cr\u00edticas de la\nprensa ni mucho menos su imagen p\u00fablica; se engalla con su supuesta experiencia\npol\u00edtica y sus amarres con todos los actores. Pero \u00e9l mismo se enga\u00f1a.<\/p>\n\n\n\n<p>A cambio de ceder la plaza priista a\nMorena y de obtener un cargo de elecci\u00f3n popular para su esposa Ivette Mor\u00e1n,\nAlejandro Murat ha tenido un inusitado respaldo del Presidente L\u00f3pez Obrador y\nlo tendr\u00e1 en el resto de su sexenio, en materia de obra p\u00fablica principalmente.<\/p>\n\n\n\n<p>Sin embargo, ingenuos, Avil\u00e9s \u00c1lvarez y\nBola\u00f1os Cacho Cu\u00e9 se siguen disputando la sucesi\u00f3n, a sabiendas que ya est\u00e1\nperdida la gubernatura.<\/p>\n\n\n\n<p>Pr\u00f3xima semana: Se acab\u00f3 el sexenio de Alejandro\nMurat; Salom\u00f3n Jara y sus ansias (II)<\/p>\n","protected":false},"excerpt":{"rendered":"<p>Ismael Garc\u00eda M.\/Zona Roja. Oaxaca de Ju\u00e1rez, Oax., 3 de febrero de 2020.- Rebasada la&hellip;<\/p>\n","protected":false},"author":2,"featured_media":7610,"comment_status":"closed","ping_status":"open","sticky":false,"template":"","format":"standard","meta":{"_lmt_disableupdate":"","_lmt_disable":"","_jetpack_memberships_contains_paid_content":false,"footnotes":""},"categories":[456,109,48],"tags":[316,1338],"class_list":["post-8349","post","type-post","status-publish","format-standard","has-post-thumbnail","hentry","category-columna","category-minuto-a-minuto","category-zona-critica","tag-alejandro-aviles-alvarez","tag-raul-bolanos-cacho-cue"],"jetpack_featured_media_url":"https:\/\/zonaroja.com.mx\/wp-content\/uploads\/2020\/01\/Opini\u00f3n-Zona-Cr\u00edtica.jpg","jetpack_sharing_enabled":true,"_links":{"self":[{"href":"https:\/\/zonaroja.com.mx\/index.php?rest_route=\/wp\/v2\/posts\/8349","targetHints":{"allow":["GET"]}}],"collection":[{"href":"https:\/\/zonaroja.com.mx\/index.php?rest_route=\/wp\/v2\/posts"}],"about":[{"href":"https:\/\/zonaroja.com.mx\/index.php?rest_route=\/wp\/v2\/types\/post"}],"author":[{"embeddable":true,"href":"https:\/\/zonaroja.com.mx\/index.php?rest_route=\/wp\/v2\/users\/2"}],"replies":[{"embeddable":true,"href":"https:\/\/zonaroja.com.mx\/index.php?rest_route=%2Fwp%2Fv2%2Fcomments&post=8349"}],"version-history":[{"count":2,"href":"https:\/\/zonaroja.com.mx\/index.php?rest_route=\/wp\/v2\/posts\/8349\/revisions"}],"predecessor-version":[{"id":8359,"href":"https:\/\/zonaroja.com.mx\/index.php?rest_route=\/wp\/v2\/posts\/8349\/revisions\/8359"}],"wp:featuredmedia":[{"embeddable":true,"href":"https:\/\/zonaroja.com.mx\/index.php?rest_route=\/wp\/v2\/media\/7610"}],"wp:attachment":[{"href":"https:\/\/zonaroja.com.mx\/index.php?rest_route=%2Fwp%2Fv2%2Fmedia&parent=8349"}],"wp:term":[{"taxonomy":"category","embeddable":true,"href":"https:\/\/zonaroja.com.mx\/index.php?rest_route=%2Fwp%2Fv2%2Fcategories&post=8349"},{"taxonomy":"post_tag","embeddable":true,"href":"https:\/\/zonaroja.com.mx\/index.php?rest_route=%2Fwp%2Fv2%2Ftags&post=8349"}],"curies":[{"name":"wp","href":"https:\/\/api.w.org\/{rel}","templated":true}]}}