{"id":83490,"date":"2025-08-13T16:49:22","date_gmt":"2025-08-13T22:49:22","guid":{"rendered":"https:\/\/zonaroja.com.mx\/?p=83490"},"modified":"2025-08-13T16:49:22","modified_gmt":"2025-08-13T22:49:22","slug":"sigue-protesta-de-sindicalizados-seccion-22-y-organizaciones-sociales-condenan-represion","status":"publish","type":"post","link":"https:\/\/zonaroja.com.mx\/?p=83490","title":{"rendered":"Sigue protesta de sindicalizados; Secci\u00f3n 22 y organizaciones sociales condenan represi\u00f3n"},"content":{"rendered":"\n<p>Lisbeth Mej\u00eda Reyes\/Zona Roja.&nbsp;<\/p>\n\n\n\n<p>Oaxaca, Oax., a 13 de agosto de 2025.- La Secci\u00f3n 22 del Sindicato Nacional de Trabajadores de la Educaci\u00f3n, as\u00ed como organizaciones sociales, condenaron la represi\u00f3n ejercida por el gobierno estatal en contra de docentes del Sindicato \u00danico de Trabajadores de Telebachilleratos Comunitarios del Estado de Oaxaca.<\/p>\n\n\n\n<p>Ello tras los hechos violentos registrados ayer en contra de los sindicalizados, quienes bloquearon la calzada H\u00e9roes de Chapultepec, acci\u00f3n que repitieron este mi\u00e9rcoles.&nbsp;<\/p>\n\n\n\n<p>La gremial adherida a la Coordinadora Nacional de Trabajadores de la Educaci\u00f3n y las agrupaciones externaron su rechazo a las acciones del gobierno estatal y las compararon con las de gobiernos anteriores.<\/p>\n\n\n\n<p>\u00abEs inaceptable que un gobierno que en su discurso presume apertura al di\u00e1logo, en los hechos recurra a la fuerza p\u00fablica y a las mismas pr\u00e1cticas represivas de los gobiernos anteriores, demostrando que no hay diferencia alguna pese a autodenominarse de izquierda\u00bb, se\u00f1al\u00f3 la Secci\u00f3n 22 en su pronunciamiento de este mismo martes, en el que tambi\u00e9n extern\u00f3 su respaldo al sindicato.<\/p>\n\n\n\n<p>Como la Secci\u00f3n 22, al menos otras 15 organizaciones condenaron por separado el desalojo en el que resultaron lesionados cinco docentes. Agrupados en la Unidad Anticapitalista de los Pueblos de Oaxaca (UNAPO), organismos como Servicios para la Educaci\u00f3n Alternativa (Educa) y el Frente Popular Revolucionario se solidarizaron con el sindicato y condenaron el uso de la fuerza p\u00fablica para reprimir manifestaciones.&nbsp;<\/p>\n\n\n\n<p>\u00abLas movilizaciones son producto de la falta de atenci\u00f3n pronta de las diferentes necesidades de la clase trabajadora\u00bb, expusieron, adem\u00e1s de se\u00f1alar las limitaciones laborales de los trabajadores de telebachilleratos y las condiciones precarias de estos centros educativos ubicados en comunidades de alta y muy alta marginaci\u00f3n.<\/p>\n\n\n\n<p>En otro pronunciamiento, organizaciones como Sol Rojo y el Comit\u00e9 por la Defensa de los Derechos Ind\u00edgenas exigieron un cese a la represi\u00f3n y al hostigamiento por parte del estado. Tambi\u00e9n exigieron el \u00abcumplimiento de las leg\u00edtimas demanda del sindicato \u00ab.<\/p>\n\n\n\n<p>Este martes 12 de agosto, integrantes del sindicato se manifestaban en el crucero Porfirio D\u00edaz y a la altura de la terminal ADO, como parte de su segundo d\u00eda de protestas que comenzaron en la direcci\u00f3n general de Telebachilleratos.<\/p>\n\n\n\n<p>Sin embargo, polic\u00edas estatales emplearon gases lacrim\u00f3genos para desalojar a las y los docentes. M\u00e1s tarde, estos marcharon hacia el Palacio de Gobierno para denunciar la represi\u00f3n y exigir una mesa de di\u00e1logo con el gobernador Salom\u00f3n Jara, aunque hasta el momento no se ha concretado.<\/p>\n\n\n\n<p>Tras el desalojo, el secretario de Gobierno, Jes\u00fas Romero, calific\u00f3 como chantaje la protesta del sindicato y dijo que hab\u00eda ofrecido una mesa de di\u00e1logo, pero que esta no fue aceptada, por lo cual se decidi\u00f3 \u00abliberar v\u00edas\u00bb, una acci\u00f3n de la que asegur\u00f3 que fue \u00absin vulnerar derechos\u00bb.<\/p>\n\n\n\n<p>Este mi\u00e9rcoles, los agremiados al Sindicato \u00danico volvieron a bloquear, por unas horas, ahora el crucero del estadio de b\u00e9isbol de la capital, tras lo cual marcharon hacia el z\u00f3calo, donde prev\u00e9n instalar un \u201cplant\u00f3n\u201d permanente.&nbsp;<\/p>\n\n\n\n<p><\/p>\n","protected":false},"excerpt":{"rendered":"<p>Lisbeth Mej\u00eda Reyes\/Zona Roja.&nbsp; Oaxaca, Oax., a 13 de agosto de 2025.- La Secci\u00f3n 22&hellip;<\/p>\n","protected":false},"author":2,"featured_media":83489,"comment_status":"closed","ping_status":"open","sticky":false,"template":"","format":"standard","meta":{"_lmt_disableupdate":"","_lmt_disable":"","_jetpack_memberships_contains_paid_content":false,"footnotes":""},"categories":[109,47],"tags":[],"class_list":["post-83490","post","type-post","status-publish","format-standard","has-post-thumbnail","hentry","category-minuto-a-minuto","category-zona-gris"],"jetpack_featured_media_url":"https:\/\/zonaroja.com.mx\/wp-content\/uploads\/2025\/08\/9a024a54-c305-4aa8-88e8-44d53feec200.jpg","jetpack_sharing_enabled":true,"_links":{"self":[{"href":"https:\/\/zonaroja.com.mx\/index.php?rest_route=\/wp\/v2\/posts\/83490","targetHints":{"allow":["GET"]}}],"collection":[{"href":"https:\/\/zonaroja.com.mx\/index.php?rest_route=\/wp\/v2\/posts"}],"about":[{"href":"https:\/\/zonaroja.com.mx\/index.php?rest_route=\/wp\/v2\/types\/post"}],"author":[{"embeddable":true,"href":"https:\/\/zonaroja.com.mx\/index.php?rest_route=\/wp\/v2\/users\/2"}],"replies":[{"embeddable":true,"href":"https:\/\/zonaroja.com.mx\/index.php?rest_route=%2Fwp%2Fv2%2Fcomments&post=83490"}],"version-history":[{"count":1,"href":"https:\/\/zonaroja.com.mx\/index.php?rest_route=\/wp\/v2\/posts\/83490\/revisions"}],"predecessor-version":[{"id":83491,"href":"https:\/\/zonaroja.com.mx\/index.php?rest_route=\/wp\/v2\/posts\/83490\/revisions\/83491"}],"wp:featuredmedia":[{"embeddable":true,"href":"https:\/\/zonaroja.com.mx\/index.php?rest_route=\/wp\/v2\/media\/83489"}],"wp:attachment":[{"href":"https:\/\/zonaroja.com.mx\/index.php?rest_route=%2Fwp%2Fv2%2Fmedia&parent=83490"}],"wp:term":[{"taxonomy":"category","embeddable":true,"href":"https:\/\/zonaroja.com.mx\/index.php?rest_route=%2Fwp%2Fv2%2Fcategories&post=83490"},{"taxonomy":"post_tag","embeddable":true,"href":"https:\/\/zonaroja.com.mx\/index.php?rest_route=%2Fwp%2Fv2%2Ftags&post=83490"}],"curies":[{"name":"wp","href":"https:\/\/api.w.org\/{rel}","templated":true}]}}