{"id":83492,"date":"2025-08-13T20:06:36","date_gmt":"2025-08-14T02:06:36","guid":{"rendered":"https:\/\/zonaroja.com.mx\/?p=83492"},"modified":"2025-08-13T20:06:38","modified_gmt":"2025-08-14T02:06:38","slug":"hallan-camaras-de-vigilancia-de-grupos-delictivos-en-cacahuatepec-oaxaca","status":"publish","type":"post","link":"https:\/\/zonaroja.com.mx\/?p=83492","title":{"rendered":"Hallan c\u00e1maras de vigilancia de grupos delictivos en Cacahuatepec, Oaxaca"},"content":{"rendered":"\n<p>Redacci\u00f3n\/Zona Roja.&nbsp;<\/p>\n\n\n\n<p>Oaxaca de Ju\u00e1rez, Oax. a 13 de agosto de 2025.- La Fiscal\u00eda General del Estado de Oaxaca retir\u00f3 c\u00e1maras y antenas repetidoras en distintos puntos de San Juan Cacahuatepec, que presumiblemente estar\u00edan al servicio del crimen organizado.<\/p>\n\n\n\n<p>En un comunicado, la instituci\u00f3n inform\u00f3 la acci\u00f3n deriv\u00f3 como parte de la aplicaci\u00f3n de la Operaci\u00f3n \u201cSable\u201d, ahora en dicho municipio de la regi\u00f3n Costa del estado; la v\u00edspera se aplic\u00f3 el mismo dispositivo en Santiago Pinotepa Nacional.<\/p>\n\n\n\n<p>El despliegue t\u00e1ctico fue encabezado por la Fiscal\u00eda General, a trav\u00e9s de la Agencia Estatal de Investigaciones (AEI), se trabaj\u00f3 en conjunto con Secretar\u00eda de la Defensa Nacional, Secretar\u00eda de Marina, Guardia Nacional, Secretar\u00eda de Seguridad y Protecci\u00f3n Ciudadana, as\u00ed como Secretar\u00eda de Gobierno y el Secretariado Ejecutivo del Sistema Estatal de Seguridad P\u00fablica.<\/p>\n\n\n\n<p>\u201cLos trabajos de inteligencia criminal permitieron localizar e identificar los sitios en donde estaban colocadas este circuito de vigilancia utilizado por c\u00e9lulas delictivas locales, quienes amenazaban a la ciudadan\u00eda para instalar los dispositivos, por lo que fueron retiradas las c\u00e1maras y las repetidoras de se\u00f1al\u201d, inform\u00f3 en un comunicado.<\/p>\n\n\n\n<p>Detall\u00f3 que, para garantizar la seguridad y el \u00e9xito de la Operaci\u00f3n \u201cSable\u201d, se instalaron filtros de seguridad en los accesos principales de esta poblaci\u00f3n.<\/p>\n\n\n\n<p>Adem\u00e1s, los elementos de la AEI, junto con las fuerzas federales y estatales, ingresaron a varios lugares donde se estableci\u00f3 que eran ocupados como punto de reuni\u00f3n de integrantes de grupos delictivos que operan en la zona.<\/p>\n\n\n\n<p>\u201cCon el reforzamiento de las acciones coordinadas de combate a la delincuencia, la Fiscal\u00eda de Oaxaca y la AEI, llevan a cabo procesos de procuraci\u00f3n de justicia efectivos para garantizar la seguridad y la paz social de la ciudadan\u00eda en las ocho regiones de la entidad\u201d, indic\u00f3.<\/p>\n\n\n\n<p>CATEO EN IXCAPA<\/p>\n\n\n\n<p>Por otra parte, en otro comunicado inform\u00f3 que dio cumplimiento a tres \u00f3rdenes de cateo que se realizaron de manera coordinada en la regi\u00f3n de la Costa, logrando la detenci\u00f3n de tres personas, as\u00ed como el aseguramiento de diversas dosis de drogas y objetos constitutivos del delito.<\/p>\n\n\n\n<p>Estos operativos derivan de investigaciones realizadas en torno a las acciones de combate contra el narcomenudeo encabezadas por la Fiscal\u00eda de Oaxaca, a trav\u00e9s de la Vicefiscal\u00eda Regional de la Costa y la Agencia Estatal de investigaciones (AEI), en estrecha coordinaci\u00f3n con la Secretar\u00eda de la Defensa Nacional, Guardia Nacional (GN) y la Polic\u00eda Estatal.<\/p>\n\n\n\n<p>Al realizar una intervenci\u00f3n en un domicilio ubicado en el municipio de San Sebasti\u00e1n Ixcapa, se logr\u00f3 la detenci\u00f3n de una mujer identificada como C.G.P., adem\u00e1s del aseguramiento de diversas bolsas que conten\u00edan una sustancia granulada, tel\u00e9fonos celulares, armas de fuego y cartuchos \u00fatiles.<\/p>\n\n\n\n<p>Mientras que, el tercer operativo se efectu\u00f3 en un domicilio ubicado en el municipio de Santiago Pinotepa Nacional, sitio en el que aseguraron decenas de bolsas que conten\u00edan una sustancia granulada, adem\u00e1s de la detenci\u00f3n de dos personas del sexo masculino identificados como A.J.P. y J.C.S., quienes fueron puestos a disposici\u00f3n de la autoridad correspondiente para determinar su situaci\u00f3n jur\u00eddica.<\/p>\n","protected":false},"excerpt":{"rendered":"<p>Redacci\u00f3n\/Zona Roja.&nbsp; Oaxaca de Ju\u00e1rez, Oax. a 13 de agosto de 2025.- La Fiscal\u00eda General&hellip;<\/p>\n","protected":false},"author":2,"featured_media":83493,"comment_status":"closed","ping_status":"open","sticky":false,"template":"","format":"standard","meta":{"_lmt_disableupdate":"","_lmt_disable":"","_jetpack_memberships_contains_paid_content":false,"footnotes":""},"categories":[109,46],"tags":[494,1268],"class_list":["post-83492","post","type-post","status-publish","format-standard","has-post-thumbnail","hentry","category-minuto-a-minuto","category-zona-blanca","tag-fiscalia-general-del-estado-de-oaxaca","tag-san-juan-cacahuatepec"],"jetpack_featured_media_url":"https:\/\/zonaroja.com.mx\/wp-content\/uploads\/2025\/08\/Cateo-camaras-San-Juan-Cacahuatepec.jpeg","jetpack_sharing_enabled":true,"_links":{"self":[{"href":"https:\/\/zonaroja.com.mx\/index.php?rest_route=\/wp\/v2\/posts\/83492","targetHints":{"allow":["GET"]}}],"collection":[{"href":"https:\/\/zonaroja.com.mx\/index.php?rest_route=\/wp\/v2\/posts"}],"about":[{"href":"https:\/\/zonaroja.com.mx\/index.php?rest_route=\/wp\/v2\/types\/post"}],"author":[{"embeddable":true,"href":"https:\/\/zonaroja.com.mx\/index.php?rest_route=\/wp\/v2\/users\/2"}],"replies":[{"embeddable":true,"href":"https:\/\/zonaroja.com.mx\/index.php?rest_route=%2Fwp%2Fv2%2Fcomments&post=83492"}],"version-history":[{"count":1,"href":"https:\/\/zonaroja.com.mx\/index.php?rest_route=\/wp\/v2\/posts\/83492\/revisions"}],"predecessor-version":[{"id":83494,"href":"https:\/\/zonaroja.com.mx\/index.php?rest_route=\/wp\/v2\/posts\/83492\/revisions\/83494"}],"wp:featuredmedia":[{"embeddable":true,"href":"https:\/\/zonaroja.com.mx\/index.php?rest_route=\/wp\/v2\/media\/83493"}],"wp:attachment":[{"href":"https:\/\/zonaroja.com.mx\/index.php?rest_route=%2Fwp%2Fv2%2Fmedia&parent=83492"}],"wp:term":[{"taxonomy":"category","embeddable":true,"href":"https:\/\/zonaroja.com.mx\/index.php?rest_route=%2Fwp%2Fv2%2Fcategories&post=83492"},{"taxonomy":"post_tag","embeddable":true,"href":"https:\/\/zonaroja.com.mx\/index.php?rest_route=%2Fwp%2Fv2%2Ftags&post=83492"}],"curies":[{"name":"wp","href":"https:\/\/api.w.org\/{rel}","templated":true}]}}