{"id":83495,"date":"2025-08-13T21:01:52","date_gmt":"2025-08-14T03:01:52","guid":{"rendered":"https:\/\/zonaroja.com.mx\/?p=83495"},"modified":"2025-08-13T21:01:55","modified_gmt":"2025-08-14T03:01:55","slug":"registra-mixtequilla-dos-homicidios-identifican-a-mujer-asesinada-en-juchitan","status":"publish","type":"post","link":"https:\/\/zonaroja.com.mx\/?p=83495","title":{"rendered":"Registra Mixtequilla dos homicidios; identifican a mujer asesinada en Juchit\u00e1n"},"content":{"rendered":"\n<p>Raymundo Morales\/Zona Roja.<\/p>\n\n\n\n<p>Oaxaca, Oax., a 13 de agosto de 2025.- Una persona del sexo masculino fue asesinada anoche en Santa Mar\u00eda Mixtequilla, municipio de la regi\u00f3n del Istmo de Tehuantepec.<\/p>\n\n\n\n<p>El ataque se perpetr\u00f3 en una vialidad del barrio Tercera Secci\u00f3n, donde fue acribillado el comerciante conocido como \u201cEl G\u00fcero\u201d por sujetos desconocidos, quienes huyeron al parecer en una motocicleta tras cometer el crimen.<\/p>\n\n\n\n<p>Hasta el momento no se tiene identificado el m\u00f3vil del crimen, caso que ya es investigado por la Vicefiscal\u00eda Regional del Istmo.<\/p>\n\n\n\n<p>Por otra parte, la ma\u00f1ana de hoy, tambi\u00e9n en jurisdicci\u00f3n de Santa Mar\u00eda Mixtequilla pero a un costado de la supercarretera Salina Cruz-La Ventosa, fue hallado un cuerpo sin vida.<\/p>\n\n\n\n<p>Fue encontrado en estado de descomposici\u00f3n por lo que hasta el momento se desconoce si fue v\u00edctima de un crimen; tampoco se tienen datos a\u00fan de su identidad.<\/p>\n\n\n\n<p>Mientras tanto, en Juchit\u00e1n de Zaragoza, como Yarah\u00ed G., de unos 27 a\u00f1os, fue identificada la mujer que fue asesinada la madrugada de este mi\u00e9rcoles en dicho municipio de la regi\u00f3n del Istmo.<\/p>\n\n\n\n<p>Ten\u00eda su domicilio en la colonia Adolfo C. Gurri\u00f3n y se comprob\u00f3 que presenta varios impactos de arma de fuego en el cuerpo; dej\u00f3 en la orfandad a una menor de edad.<\/p>\n","protected":false},"excerpt":{"rendered":"<p>Raymundo Morales\/Zona Roja. Oaxaca, Oax., a 13 de agosto de 2025.- Una persona del sexo&hellip;<\/p>\n","protected":false},"author":2,"featured_media":79391,"comment_status":"closed","ping_status":"open","sticky":false,"template":"","format":"standard","meta":{"_lmt_disableupdate":"","_lmt_disable":"","_jetpack_memberships_contains_paid_content":false,"footnotes":""},"categories":[109,51],"tags":[2138],"class_list":["post-83495","post","type-post","status-publish","format-standard","has-post-thumbnail","hentry","category-minuto-a-minuto","category-zona-roja","tag-santa-maria-mixtequilla"],"jetpack_featured_media_url":"https:\/\/zonaroja.com.mx\/wp-content\/uploads\/2025\/04\/Santa-Maria-Mixtequilla.jpeg","jetpack_sharing_enabled":true,"_links":{"self":[{"href":"https:\/\/zonaroja.com.mx\/index.php?rest_route=\/wp\/v2\/posts\/83495","targetHints":{"allow":["GET"]}}],"collection":[{"href":"https:\/\/zonaroja.com.mx\/index.php?rest_route=\/wp\/v2\/posts"}],"about":[{"href":"https:\/\/zonaroja.com.mx\/index.php?rest_route=\/wp\/v2\/types\/post"}],"author":[{"embeddable":true,"href":"https:\/\/zonaroja.com.mx\/index.php?rest_route=\/wp\/v2\/users\/2"}],"replies":[{"embeddable":true,"href":"https:\/\/zonaroja.com.mx\/index.php?rest_route=%2Fwp%2Fv2%2Fcomments&post=83495"}],"version-history":[{"count":1,"href":"https:\/\/zonaroja.com.mx\/index.php?rest_route=\/wp\/v2\/posts\/83495\/revisions"}],"predecessor-version":[{"id":83496,"href":"https:\/\/zonaroja.com.mx\/index.php?rest_route=\/wp\/v2\/posts\/83495\/revisions\/83496"}],"wp:featuredmedia":[{"embeddable":true,"href":"https:\/\/zonaroja.com.mx\/index.php?rest_route=\/wp\/v2\/media\/79391"}],"wp:attachment":[{"href":"https:\/\/zonaroja.com.mx\/index.php?rest_route=%2Fwp%2Fv2%2Fmedia&parent=83495"}],"wp:term":[{"taxonomy":"category","embeddable":true,"href":"https:\/\/zonaroja.com.mx\/index.php?rest_route=%2Fwp%2Fv2%2Fcategories&post=83495"},{"taxonomy":"post_tag","embeddable":true,"href":"https:\/\/zonaroja.com.mx\/index.php?rest_route=%2Fwp%2Fv2%2Ftags&post=83495"}],"curies":[{"name":"wp","href":"https:\/\/api.w.org\/{rel}","templated":true}]}}