{"id":83500,"date":"2025-08-14T07:15:00","date_gmt":"2025-08-14T13:15:00","guid":{"rendered":"https:\/\/zonaroja.com.mx\/?p=83500"},"modified":"2025-08-14T06:55:58","modified_gmt":"2025-08-14T12:55:58","slug":"confirman-muerte-de-bebe-en-oaxaca-por-complicaciones-de-salud","status":"publish","type":"post","link":"https:\/\/zonaroja.com.mx\/?p=83500","title":{"rendered":"Confirman muerte de beb\u00e9 en Oaxaca por complicaciones de salud"},"content":{"rendered":"\n<p>Redacci\u00f3n\/Zona Roja.<\/p>\n\n\n\n<p>Oaxaca, Oax., a 14 de agosto de 2025.- Una menor de siete meses de edad de la regi\u00f3n Sierra Sur que fue rescatada en estado de salud cr\u00edtico, falleci\u00f3 ayer debido a condiciones de desnutrici\u00f3n, cardiopat\u00eda cong\u00e9nita cian\u00f3gena de flujo pulmonar disminuido, neumon\u00edas de repetici\u00f3n y retraso psicomotor.\u00a0\u00a0\u00a0\u00a0<\/p>\n\n\n\n<p>\u201cEstos antecedentes cl\u00ednicos m\u00e1s el diagn\u00f3stico de reflujo gastroesof\u00e1gico severo deriv\u00f3 en las \u00faltimas semanas, en un cuadro de neumon\u00eda por aspiraci\u00f3n e insuficiencia respiratoria aguda\u201d, expuso el gobierno de Oaxaca en un comunicado.<\/p>\n\n\n\n<p>A trav\u00e9s de los Servicios de Salud, detall\u00f3 que, desde el primer minuto en que la paciente lactante femenina identificada con las iniciales M. E. M. G. fue separada del domicilio que habitaba, recibi\u00f3 atenci\u00f3n m\u00e9dica especializada de manera oportuna en tres ocasiones por el diagn\u00f3stico de neumon\u00eda de repetici\u00f3n.<\/p>\n\n\n\n<p>En este \u00faltimo internamiento se realiz\u00f3 procedimiento antirreflujo, el 12 de agosto de 2025, presentando insuficiencia respiratoria aguda refractaria al tratamiento m\u00e9dico en paciente con agraviantes m\u00e9dicos, que imposibilitaron su sobrevida, como cardiopat\u00eda cong\u00e9nita cian\u00f3gena, retraso psicomotor, desnutrici\u00f3n aguda e hipertensi\u00f3n arterial pulmonar.<\/p>\n\n\n\n<p>\u201cCabe se\u00f1alar como principales causas de la situaci\u00f3n m\u00e9dica que presentaba M. E. M. G., que tiene antecedentes patol\u00f3gicos de ser producto de un embarazo sin control prenatal adecuado, de padres con toxicoman\u00edas, sin consumo de \u00e1cido f\u00f3lico y hierro, as\u00ed como ser v\u00edctima de maltrato infantil por omisi\u00f3n de cuidados\u201d, expuso.<\/p>\n\n\n\n<p>Esta menor de edad, que se encontraba bajo medida cautelar de protecci\u00f3n dictada por la Fiscal\u00eda Especializada para la Atenci\u00f3n a Delitos Contra la Mujer por Raz\u00f3n de G\u00e9nero del Estado de Oaxaca, debido a una carpeta de investigaci\u00f3n abierta por violencia intrafamiliar, fue referida para su atenci\u00f3n m\u00e9dica por la Procuradur\u00eda Estatal de Protecci\u00f3n de los Derechos de Ni\u00f1as, Ni\u00f1os y Adolescentes del Estado de Oaxaca (Prodennao).<\/p>\n\n\n\n<p>Ante el fallecimiento ocurrido ayer, los Servicios de Salud y la Procuradur\u00eda expresan su colaboraci\u00f3n irrestricta con la autoridad ministerial para la investigaci\u00f3n de los hechos, apegada a la ley y con total transparencia.<\/p>\n\n\n\n<p>Desde la separaci\u00f3n de la persona menor de edad de su domicilio,, en abril pasado, y hasta el momento de su fallecimiento, la familia ha recibido atenci\u00f3n integral por parte del personal de ambas dependencias del Gobierno de Oaxaca.&nbsp;<\/p>\n\n\n\n<p>SALVAGUARDAN DERECHOS<\/p>\n\n\n\n<p>En conferencia de prensa ayer, autoridades estatales reiteraron que en todo momento, salvaguard\u00f3 los derechos de la menor desde su ingreso al Centro de Asistencia Social (CAS) del organismo estatal, el 27 de abril del presente a\u00f1o.<\/p>\n\n\n\n<p>Tanto en lo referente a salud, identidad, acceso a una vida libre de violencia y salvaguarda de su protecci\u00f3n.<\/p>\n\n\n\n<p>Adem\u00e1s, la menor de siete meses de edad y su hermana de siete a\u00f1os fueron referidas a este organismo estatal para su resguardo seguro luego de la separaci\u00f3n de su domicilio, derivado de la carpeta de investigaci\u00f3n n\u00famero 11671\/UDNA\/2025 de la Fiscal\u00eda Especializada para la Atenci\u00f3n a Delitos Contra la Mujer por Raz\u00f3n de G\u00e9nero del Estado de Oaxaca por violencia familiar.<\/p>\n\n\n\n<p>Sin embargo, desde el rescate de su vivienda, la ni\u00f1a de siete meses de edad recibi\u00f3 atenci\u00f3n m\u00e9dica especializada e inmediata en el Hospital General \u201cDr. Aurelio Valdivieso\u201d, ya que presentaba antecedentes cl\u00ednicos graves: desnutrici\u00f3n, cardiopat\u00eda cong\u00e9nita, neumon\u00edas recurrentes, retraso psicomotor y leucomalacia periventricular, lesi\u00f3n cerebral que afecta principalmente a beb\u00e9s prematuros; lo que complic\u00f3 su recuperaci\u00f3n.<\/p>\n\n\n\n<p>A pesar del esfuerzo incansable del equipo multidisciplinario, lamentablemente falleci\u00f3 y actualmente tanto el Sistema DIF Oaxaca como Servicios de Salud de Oaxaca (SSO), brindan el apoyo integral y acompa\u00f1amiento permanente a su familia.<\/p>\n","protected":false},"excerpt":{"rendered":"<p>Redacci\u00f3n\/Zona Roja. Oaxaca, Oax., a 14 de agosto de 2025.- Una menor de siete meses&hellip;<\/p>\n","protected":false},"author":2,"featured_media":75216,"comment_status":"closed","ping_status":"open","sticky":false,"template":"","format":"standard","meta":{"_lmt_disableupdate":"","_lmt_disable":"","_jetpack_memberships_contains_paid_content":false,"footnotes":""},"categories":[109,47],"tags":[],"class_list":["post-83500","post","type-post","status-publish","format-standard","has-post-thumbnail","hentry","category-minuto-a-minuto","category-zona-gris"],"jetpack_featured_media_url":"https:\/\/zonaroja.com.mx\/wp-content\/uploads\/2024\/12\/Muerte-bebe-pediatrico-hospital.jpg.webp","jetpack_sharing_enabled":true,"_links":{"self":[{"href":"https:\/\/zonaroja.com.mx\/index.php?rest_route=\/wp\/v2\/posts\/83500","targetHints":{"allow":["GET"]}}],"collection":[{"href":"https:\/\/zonaroja.com.mx\/index.php?rest_route=\/wp\/v2\/posts"}],"about":[{"href":"https:\/\/zonaroja.com.mx\/index.php?rest_route=\/wp\/v2\/types\/post"}],"author":[{"embeddable":true,"href":"https:\/\/zonaroja.com.mx\/index.php?rest_route=\/wp\/v2\/users\/2"}],"replies":[{"embeddable":true,"href":"https:\/\/zonaroja.com.mx\/index.php?rest_route=%2Fwp%2Fv2%2Fcomments&post=83500"}],"version-history":[{"count":1,"href":"https:\/\/zonaroja.com.mx\/index.php?rest_route=\/wp\/v2\/posts\/83500\/revisions"}],"predecessor-version":[{"id":83501,"href":"https:\/\/zonaroja.com.mx\/index.php?rest_route=\/wp\/v2\/posts\/83500\/revisions\/83501"}],"wp:featuredmedia":[{"embeddable":true,"href":"https:\/\/zonaroja.com.mx\/index.php?rest_route=\/wp\/v2\/media\/75216"}],"wp:attachment":[{"href":"https:\/\/zonaroja.com.mx\/index.php?rest_route=%2Fwp%2Fv2%2Fmedia&parent=83500"}],"wp:term":[{"taxonomy":"category","embeddable":true,"href":"https:\/\/zonaroja.com.mx\/index.php?rest_route=%2Fwp%2Fv2%2Fcategories&post=83500"},{"taxonomy":"post_tag","embeddable":true,"href":"https:\/\/zonaroja.com.mx\/index.php?rest_route=%2Fwp%2Fv2%2Ftags&post=83500"}],"curies":[{"name":"wp","href":"https:\/\/api.w.org\/{rel}","templated":true}]}}