{"id":83504,"date":"2025-08-14T09:15:00","date_gmt":"2025-08-14T15:15:00","guid":{"rendered":"https:\/\/zonaroja.com.mx\/?p=83504"},"modified":"2025-08-14T07:15:10","modified_gmt":"2025-08-14T13:15:10","slug":"pese-a-denuncias-de-acordeones-tribunal-electoral-valida-eleccion-judicial","status":"publish","type":"post","link":"https:\/\/zonaroja.com.mx\/?p=83504","title":{"rendered":"Pese a denuncias de \u201cacordeones\u201d, Tribunal Electoral valida elecci\u00f3n judicial"},"content":{"rendered":"\n<p>Redacci\u00f3n\/Zona Roja Cdmx.<\/p>\n\n\n\n<p>Ciudad de M\u00e9xico, a 14 de agosto de 2025.- Por mayor\u00eda de tres votos contra dos, la Sala Superior del Tribunal Electoral del Poder Judicial de la Federaci\u00f3n (TEPJF) determin\u00f3 que no hay pruebas suficientes para invalidar 17 contiendas de la elecci\u00f3n judicial, el primer paquete que se analiza ese tipo de solicitud, en cuyos alegatos se incluy\u00f3 la presunta distribuci\u00f3n masiva de \u201cacordeones\u201d.<\/p>\n\n\n\n<p>Los magistrados Felipe Fuentes, M\u00f3nica Soto (presidenta) y Felipe De la Mata votaron nuevamente en bloque, contra los criterios de sus colegas Reyes Rodr\u00edguez Mondrag\u00f3n y Janine Ot\u00e1lora.<\/p>\n\n\n\n<p>La magistrada presidenta se\u00f1al\u00f3 que no toca al TEPJF ser autoridad investigadora, para ir a buscar pruebas que no fueron entregadas por las personas inconformes.<\/p>\n\n\n\n<p>Argument\u00f3 que aun cuando los contendientes en esta elecci\u00f3n in\u00e9dita no son los partidos pol\u00edticos \u2013 con experiencia en integrar expedientes- los candidatos no deben presentarse como impugnantes d\u00e9biles.<\/p>\n\n\n\n<p>\u201cNo hay pruebas, est\u00e1 impugnando solo con dichos y este Tribunal lo que ha hecho es cumplir con la normatividad que ha estado vigente en este proceso electoral judicial\u201d, se\u00f1al\u00f3 en relaci\u00f3n con uno de los 164 asuntos resueltos durante la sesi\u00f3n p\u00fablica de este mi\u00e9rcoles.<\/p>\n\n\n\n<p>\u201cEntiendo \u2013 agreg\u00f3 Soto- que pueda haber a quien le gustar\u00eda ir m\u00e1s all\u00e1, quien le gustar\u00eda estar en el caso de anular elecci\u00f3n. Aqu\u00ed no habr\u00eda ning\u00fan obst\u00e1culo para proceder a la nulidad de una elecci\u00f3n, siempre y cuando se porten pruebas y no se deje al tribunal electoral en condici\u00f3n de ser quien busque las pruebas o quien mande buscar m\u00e1s al Instituto Nacional Electoral (INE)\u201d.<\/p>\n\n\n\n<p>En la votaci\u00f3n fue rechazada la propuesta de Ot\u00e1lora y Rodr\u00edguez de dar vista al INE a fin de que el \u00f3rgano determinara los impactos de \u00abacordeones\u00bb y si hubo, por esa v\u00eda, presiones al voto y\/o rebase de tope de gasto de campa\u00f1a. Sin embargo, no prosper\u00f3 la alternativa.<\/p>\n\n\n\n<p>\u201cEn los proyectos propuestos no se advierte que haya recabado alguna prueba cuando as\u00ed lo requer\u00eda el asunto concreto, tampoco aprecio un estudio amplio de los hechos relacionados con la denuncia de uso il\u00edcito de los llamados acordeones sino, simplemente, se desestiman los agravios por inoperantes. A mi parecer esta decisi\u00f3n no permite un acceso pleno a la justicia electoral\u201d.<\/p>\n\n\n\n<p>En otros expedientes se reiter\u00f3 el criterio relacionado con derogar la metodolog\u00eda creada por el INE para determinar si un candidato ganador cumpl\u00eda el requisito de tener promedio m\u00ednimo de 9.0 en las materias para la cual fue postulado, bajo el argumento que esto toc\u00f3 a los comit\u00e9s de evaluaci\u00f3n de los tres poderes de la uni\u00f3n; por tanto, se anul\u00f3 la vacancia declarada por el Instituto y se orden\u00f3 dar la constancia de triunfo a la persona que qued\u00f3 en segundo lugar.<\/p>\n\n\n\n<p>Pero al mismo tiempo fueron rechazados alegatos de quienes fueron bajados por el INE por no tener al menos 8.0 de promedio en la licenciatura en derecho.<\/p>\n\n\n\n<p>Con las resoluciones de este mi\u00e9rcoles en la Sala Superior quedan ya pocos asuntos relacionados con la elecci\u00f3n judicial; no obstante, los magistrados ya ha fijado criterios clave en los \u00e1mbitos de elegibilidad, paridad y nulidad.<\/p>\n\n\n\n<p>A partir de los criterios de paridad se orden\u00f3 al INE dar constancia de mayor\u00eda a otras siete mujeres, previa revisi\u00f3n de los requisitos de elegibilidad.<\/p>\n\n\n\n<p>Hasta ayer, todos los asuntos de la elecci\u00f3n judicial federal del pasado 1 de junio, en la cual se disputaron 881 cargos (ministros, magistrados y jueces), as\u00ed como de la renovaci\u00f3n del poder judicial local de 19 entidades federativas ha derivado en 963 juicios de inconformidad, de los que ya fueron resueltos 776 (quedar\u00edan por resolver 187).<\/p>\n\n\n\n<p>De los 963, 425 han sido declarados improcedentes; 343 recibieron sentencia de fondo y ocho en sesi\u00f3n no p\u00fablica.<\/p>\n\n\n\n<p>La Sala Superior tiene hasta el 28 de agosto pr\u00f3ximo como fecha l\u00edmite para terminar el an\u00e1lisis y resoluci\u00f3n de esta elecci\u00f3n extraordinaria e in\u00e9dita, pues el 1 de septiembre los nuevos juzgadores tomar\u00e1n posesi\u00f3n del cargo.<\/p>\n\n\n\n<p>(Informaci\u00f3n de \u00abLa Jornada\u00bb)<\/p>\n","protected":false},"excerpt":{"rendered":"<p>Redacci\u00f3n\/Zona Roja Cdmx. Ciudad de M\u00e9xico, a 14 de agosto de 2025.- Por mayor\u00eda de&hellip;<\/p>\n","protected":false},"author":2,"featured_media":83505,"comment_status":"closed","ping_status":"open","sticky":false,"template":"","format":"standard","meta":{"_lmt_disableupdate":"","_lmt_disable":"","_jetpack_memberships_contains_paid_content":false,"footnotes":""},"categories":[109,47],"tags":[4291],"class_list":["post-83504","post","type-post","status-publish","format-standard","has-post-thumbnail","hentry","category-minuto-a-minuto","category-zona-gris","tag-eleccion-judicial-mexico"],"jetpack_featured_media_url":"https:\/\/zonaroja.com.mx\/wp-content\/uploads\/2025\/08\/Acordeones-eleccion-judicial-Mexico.jpeg","jetpack_sharing_enabled":true,"_links":{"self":[{"href":"https:\/\/zonaroja.com.mx\/index.php?rest_route=\/wp\/v2\/posts\/83504","targetHints":{"allow":["GET"]}}],"collection":[{"href":"https:\/\/zonaroja.com.mx\/index.php?rest_route=\/wp\/v2\/posts"}],"about":[{"href":"https:\/\/zonaroja.com.mx\/index.php?rest_route=\/wp\/v2\/types\/post"}],"author":[{"embeddable":true,"href":"https:\/\/zonaroja.com.mx\/index.php?rest_route=\/wp\/v2\/users\/2"}],"replies":[{"embeddable":true,"href":"https:\/\/zonaroja.com.mx\/index.php?rest_route=%2Fwp%2Fv2%2Fcomments&post=83504"}],"version-history":[{"count":1,"href":"https:\/\/zonaroja.com.mx\/index.php?rest_route=\/wp\/v2\/posts\/83504\/revisions"}],"predecessor-version":[{"id":83506,"href":"https:\/\/zonaroja.com.mx\/index.php?rest_route=\/wp\/v2\/posts\/83504\/revisions\/83506"}],"wp:featuredmedia":[{"embeddable":true,"href":"https:\/\/zonaroja.com.mx\/index.php?rest_route=\/wp\/v2\/media\/83505"}],"wp:attachment":[{"href":"https:\/\/zonaroja.com.mx\/index.php?rest_route=%2Fwp%2Fv2%2Fmedia&parent=83504"}],"wp:term":[{"taxonomy":"category","embeddable":true,"href":"https:\/\/zonaroja.com.mx\/index.php?rest_route=%2Fwp%2Fv2%2Fcategories&post=83504"},{"taxonomy":"post_tag","embeddable":true,"href":"https:\/\/zonaroja.com.mx\/index.php?rest_route=%2Fwp%2Fv2%2Ftags&post=83504"}],"curies":[{"name":"wp","href":"https:\/\/api.w.org\/{rel}","templated":true}]}}