{"id":83507,"date":"2025-08-14T10:15:00","date_gmt":"2025-08-14T16:15:00","guid":{"rendered":"https:\/\/zonaroja.com.mx\/?p=83507"},"modified":"2025-08-14T07:50:47","modified_gmt":"2025-08-14T13:50:47","slug":"denuncian-incumplimiento-del-rector-de-la-uabjo-con-tehuantepec","status":"publish","type":"post","link":"https:\/\/zonaroja.com.mx\/?p=83507","title":{"rendered":"Denuncian incumplimiento del rector de la UABJO con Tehuantepec"},"content":{"rendered":"\n<p>Raymundo Morales\/Zona Roja.<\/p>\n\n\n\n<p>Oaxaca, Oax., a 14 de agosto de 2025.- Padres de familia y comuneros del barrio Lieza de Santo Domingo Tehuantepec denunciaron el incumplimiento del rector de la Universidad Aut\u00f3noma \u201cBenito Ju\u00e1rez\u201d de Oaxaca, Cristian \u00c9der Carre\u00f1o, de construir una sede de la Facultad de Medicina.<\/p>\n\n\n\n<p>Por el contrario, se\u00f1alaron, ahora prometi\u00f3 crear la infraestructura para dicha unidad educativa, pero en el municipio vecino de Juchit\u00e1n de Zaragoza.<\/p>\n\n\n\n<p>Seg\u00fan relataron a trav\u00e9s de un comunicado, hace tres a\u00f1os entregaron la constancia de posesi\u00f3n del predio donde se ubica la Escuela Preparatoria n\u00famero 4.<\/p>\n\n\n\n<p>Ello a cambio de que se construyeran las instalaciones de la Facultad de Medicina, as\u00ed como de Ciencias Qu\u00edmicas y de Odontolog\u00eda; sin embargo, ha la fecha incumpli\u00f3 con su promesa.<\/p>\n\n\n\n<p>Recordaron que fue a inicios del a\u00f1o 2023 en que el rector Cristian \u00c9der Carre\u00f1o prometi\u00f3 al director de la Preparatoria 4, Fredy Jim\u00e9nez Mor\u00e1n, que se instalar\u00edan las sedes formales de dichas escuelas, a cambio de que le consiguiera los documentos de las 7.5 hect\u00e1reas de ese plantel y cinco hect\u00e1reas m\u00e1s, donde se construir\u00edan las facultades mencionadas.<\/p>\n\n\n\n<p>El planteamiento se hizo al entonces presidente del Comisariado de Bienes Comunales, \u00c1ngel Rodr\u00edguez Jacinto, quien consult\u00f3 a los comuneros y acordaron dicha medida.<\/p>\n\n\n\n<p>\u201cEn los casi tres a\u00f1os no pusieron ni la primera piedra, nunca se preocuparon por cumplir la palabra empe\u00f1ada. Nos enga\u00f1aron y no solo eso, ahora nos quieren perjudicar llev\u00e1ndosela\u201d, acusaron.<\/p>\n\n\n\n<p>Reprocharon que ahora a espaldas de padres de familia, alumnos y comuneros de Lieza, se quiere llevar a Juchit\u00e1n las instalaciones universitarias, dejando a sus hijos sin Universidad, sin cumplir lo convenido.<\/p>\n\n\n\n<p>\u201cTenemos alumnos de la regi\u00f3n que sus padres invirtieron en Tehuantepec para que sus hijos estuvieran cinco o seis a\u00f1os en sus estudios profesionales, es injusto lo que hace el rector.&nbsp;<\/p>\n\n\n\n<p>\u201cAl parecer el presidente de Juchit\u00e1n y socio le llegaron al precio para llevarse a su municipio, que vive en la total inseguridad, donde matan mujeres, hombres y j\u00f3venes un d\u00eda s\u00ed y otro tambi\u00e9n la Universidad\u201d, subrayaron.<\/p>\n","protected":false},"excerpt":{"rendered":"<p>Raymundo Morales\/Zona Roja. Oaxaca, Oax., a 14 de agosto de 2025.- Padres de familia y&hellip;<\/p>\n","protected":false},"author":2,"featured_media":76435,"comment_status":"closed","ping_status":"open","sticky":false,"template":"","format":"standard","meta":{"_lmt_disableupdate":"","_lmt_disable":"","_jetpack_memberships_contains_paid_content":false,"footnotes":""},"categories":[109,47],"tags":[3169],"class_list":["post-83507","post","type-post","status-publish","format-standard","has-post-thumbnail","hentry","category-minuto-a-minuto","category-zona-gris","tag-cristian-eder-carreno-lopez"],"jetpack_featured_media_url":"https:\/\/zonaroja.com.mx\/wp-content\/uploads\/2025\/01\/Rector-Cristian-Eder-Carreno.jpg","jetpack_sharing_enabled":true,"_links":{"self":[{"href":"https:\/\/zonaroja.com.mx\/index.php?rest_route=\/wp\/v2\/posts\/83507","targetHints":{"allow":["GET"]}}],"collection":[{"href":"https:\/\/zonaroja.com.mx\/index.php?rest_route=\/wp\/v2\/posts"}],"about":[{"href":"https:\/\/zonaroja.com.mx\/index.php?rest_route=\/wp\/v2\/types\/post"}],"author":[{"embeddable":true,"href":"https:\/\/zonaroja.com.mx\/index.php?rest_route=\/wp\/v2\/users\/2"}],"replies":[{"embeddable":true,"href":"https:\/\/zonaroja.com.mx\/index.php?rest_route=%2Fwp%2Fv2%2Fcomments&post=83507"}],"version-history":[{"count":1,"href":"https:\/\/zonaroja.com.mx\/index.php?rest_route=\/wp\/v2\/posts\/83507\/revisions"}],"predecessor-version":[{"id":83508,"href":"https:\/\/zonaroja.com.mx\/index.php?rest_route=\/wp\/v2\/posts\/83507\/revisions\/83508"}],"wp:featuredmedia":[{"embeddable":true,"href":"https:\/\/zonaroja.com.mx\/index.php?rest_route=\/wp\/v2\/media\/76435"}],"wp:attachment":[{"href":"https:\/\/zonaroja.com.mx\/index.php?rest_route=%2Fwp%2Fv2%2Fmedia&parent=83507"}],"wp:term":[{"taxonomy":"category","embeddable":true,"href":"https:\/\/zonaroja.com.mx\/index.php?rest_route=%2Fwp%2Fv2%2Fcategories&post=83507"},{"taxonomy":"post_tag","embeddable":true,"href":"https:\/\/zonaroja.com.mx\/index.php?rest_route=%2Fwp%2Fv2%2Ftags&post=83507"}],"curies":[{"name":"wp","href":"https:\/\/api.w.org\/{rel}","templated":true}]}}