{"id":83511,"date":"2025-08-14T12:02:00","date_gmt":"2025-08-14T18:02:00","guid":{"rendered":"https:\/\/zonaroja.com.mx\/?p=83511"},"modified":"2025-08-14T08:07:48","modified_gmt":"2025-08-14T14:07:48","slug":"numero-de-pobres-en-el-pais-se-reduce-en-8-3-millones-en-2-anos","status":"publish","type":"post","link":"https:\/\/zonaroja.com.mx\/?p=83511","title":{"rendered":"N\u00famero de pobres en el pa\u00eds se reduce en 8.3 millones en 2 a\u00f1os"},"content":{"rendered":"\n<p>Redacci\u00f3n\/Zona Roja Cdmx.<\/p>\n\n\n\n<p>Ciudad de M\u00e9xico, a 14 de agosto de 2025.- Al cierre del a\u00f1o pasado, 38.5 millones de mexicanos se encontraban en situaci\u00f3n de pobreza, lo que represent\u00f3 el 29.6 por ciento de la poblaci\u00f3n. Esto implic\u00f3 un descenso de 8.3 millones de personas respecto a 2022, de acuerdo con los resultados de la medici\u00f3n de la Pobreza Multidimensional.<\/p>\n\n\n\n<p>Por primera vez el INEGI divulg\u00f3 esta informaci\u00f3n, tras absorber las funciones del Consejo Nacional de Evaluaci\u00f3n de la Pol\u00edtica de Desarrollo Social (Coneval), que se disolvi\u00f3 por la reforma que desapareci\u00f3 los \u00f3rganos aut\u00f3nomos.<\/p>\n\n\n\n<p>De forma detallada, la poblaci\u00f3n en situaci\u00f3n de pobreza moderada se ubic\u00f3 en 31.5 millones de mexicanos, lo que es 6.2 millones menos de los vistos en 2022; mientras que aquellos en pobreza extrema baj\u00f3 a 7 millones de personas afectadas por esta situaci\u00f3n, desde 9.1 millones de dos a\u00f1os antes.<\/p>\n\n\n\n<p>La poblaci\u00f3n vulnerable por carencias sociales ascendi\u00f3 a 41.9 millones de mexicanos, desde los 37.9 millones observados en 2022. Se redujo en 4.3 millones las personas que tuvieron al menos una carencia social y en 5.1 millones las personas que reportaron al menos tres carencias sociales.<\/p>\n\n\n\n<p>Claudia Maldonado, coordinadora general de medici\u00f3n de pobreza y evaluaci\u00f3n integral de la pol\u00edtica de desarrollo social del INEGI, refiri\u00f3 que si bien hay una reducci\u00f3n de la pobreza multidimensional y la pobreza extrema, se tuvo un aumento en el n\u00famero de personas que son vulnerables por carencia social.<\/p>\n\n\n\n<p>\u201cA pesar de que hay muchos indicios de recuperaci\u00f3n del ingreso laboral de los hogares, tambi\u00e9n hay otra dimensi\u00f3n que tiene que ver con que los mexicanos tengan garantizado ese umbral m\u00ednimo para acceder a los derechos sociales de la Constituci\u00f3n\u201d, declar\u00f3 en entrevista con El Financiero Bloomberg.<\/p>\n\n\n\n<p>M\u00e1s temprano, en conferencia de prensa, enfatiz\u00f3 que la carencia social m\u00e1s apremiante para la poblaci\u00f3n mexicana es la de seguridad social, con 62.7 millones de mexicanos afectados en 2024.<\/p>\n\n\n\n<p>Salieron de la carencia de rezago educativo 900 mil mexicanos, en el acceso a los servicios de salud fueron 5.9 millones; en calidad y espacios de la vivienda bajaron 1.4 millones; en el acceso a los servicios b\u00e1sicos en la vivienda disminuyeron 4.5 millones y en acceso a la alimentaci\u00f3n nutritiva y de calidad se apartaron 4.6 millones de personas, seg\u00fan el reporte.<\/p>\n\n\n\n<p>Por entidad federativa, Chiapas, Guerrero y Oaxaca encabezaron los estados con mayor porcentaje de pobreza multidimensional, con 66, 58.1 y 51.6 por ciento, respectivamente. Por el contrario, Baja California, Baja California Sur y Nuevo Le\u00f3n estuvieron en los \u00faltimos lugares de esta lista.<\/p>\n\n\n\n<p>(Informaci\u00f3n de \u201cEl Financiero\u201d)<\/p>\n","protected":false},"excerpt":{"rendered":"<p>Redacci\u00f3n\/Zona Roja Cdmx. Ciudad de M\u00e9xico, a 14 de agosto de 2025.- Al cierre del&hellip;<\/p>\n","protected":false},"author":2,"featured_media":83512,"comment_status":"closed","ping_status":"open","sticky":false,"template":"","format":"standard","meta":{"_lmt_disableupdate":"","_lmt_disable":"","_jetpack_memberships_contains_paid_content":false,"footnotes":""},"categories":[109,47],"tags":[],"class_list":["post-83511","post","type-post","status-publish","format-standard","has-post-thumbnail","hentry","category-minuto-a-minuto","category-zona-gris"],"jetpack_featured_media_url":"https:\/\/zonaroja.com.mx\/wp-content\/uploads\/2025\/08\/Pobreza-pobres-en-Mexico.jpg","jetpack_sharing_enabled":true,"_links":{"self":[{"href":"https:\/\/zonaroja.com.mx\/index.php?rest_route=\/wp\/v2\/posts\/83511","targetHints":{"allow":["GET"]}}],"collection":[{"href":"https:\/\/zonaroja.com.mx\/index.php?rest_route=\/wp\/v2\/posts"}],"about":[{"href":"https:\/\/zonaroja.com.mx\/index.php?rest_route=\/wp\/v2\/types\/post"}],"author":[{"embeddable":true,"href":"https:\/\/zonaroja.com.mx\/index.php?rest_route=\/wp\/v2\/users\/2"}],"replies":[{"embeddable":true,"href":"https:\/\/zonaroja.com.mx\/index.php?rest_route=%2Fwp%2Fv2%2Fcomments&post=83511"}],"version-history":[{"count":1,"href":"https:\/\/zonaroja.com.mx\/index.php?rest_route=\/wp\/v2\/posts\/83511\/revisions"}],"predecessor-version":[{"id":83513,"href":"https:\/\/zonaroja.com.mx\/index.php?rest_route=\/wp\/v2\/posts\/83511\/revisions\/83513"}],"wp:featuredmedia":[{"embeddable":true,"href":"https:\/\/zonaroja.com.mx\/index.php?rest_route=\/wp\/v2\/media\/83512"}],"wp:attachment":[{"href":"https:\/\/zonaroja.com.mx\/index.php?rest_route=%2Fwp%2Fv2%2Fmedia&parent=83511"}],"wp:term":[{"taxonomy":"category","embeddable":true,"href":"https:\/\/zonaroja.com.mx\/index.php?rest_route=%2Fwp%2Fv2%2Fcategories&post=83511"},{"taxonomy":"post_tag","embeddable":true,"href":"https:\/\/zonaroja.com.mx\/index.php?rest_route=%2Fwp%2Fv2%2Ftags&post=83511"}],"curies":[{"name":"wp","href":"https:\/\/api.w.org\/{rel}","templated":true}]}}