{"id":83514,"date":"2025-08-14T13:09:00","date_gmt":"2025-08-14T19:09:00","guid":{"rendered":"https:\/\/zonaroja.com.mx\/?p=83514"},"modified":"2025-08-14T08:15:28","modified_gmt":"2025-08-14T14:15:28","slug":"suman-esfuerzos-para-combatir-el-dengue-en-el-municipio-de-oaxaca-de-juarez","status":"publish","type":"post","link":"https:\/\/zonaroja.com.mx\/?p=83514","title":{"rendered":"Suman esfuerzos para combatir el dengue en el municipio de Oaxaca de Ju\u00e1rez"},"content":{"rendered":"\n<p>Redacci\u00f3n\/Zona Roja.<\/p>\n\n\n\n<p>Oaxaca, Oax., a 14 de agosto de 2025.- En el fraccionamiento Los Cedros de la agencia municipal de Santa Rosa Panzacola, el ayuntamiento de Oaxaca de Ju\u00e1rez y los Servicios de Salud de Oaxaca firmaron un convenio de colaboraci\u00f3n para reforzar las acciones de prevenci\u00f3n y control del dengue, chikungunya, zika y otras enfermedades transmitidas por vector.<\/p>\n\n\n\n<p>Este acuerdo forma parte de la Segunda Jornada Nacional de Lucha contra el Dengue y otras Arbovirosis 2025 y tiene como prop\u00f3sito fortalecer la coordinaci\u00f3n interinstitucional, sumando recursos y capacidades para lograr intervenciones m\u00e1s efectivas y con mayor impacto en la salud de la poblaci\u00f3n.<\/p>\n\n\n\n<p>Con la presencia de autoridades estatales, municipales y del personal del Programa de Vectores, se destac\u00f3 la importancia de alinear estrategias locales y estatales con la pol\u00edtica nacional de prevenci\u00f3n, as\u00ed como de promover la participaci\u00f3n activa de la ciudadan\u00eda en la eliminaci\u00f3n de criaderos y la adopci\u00f3n de h\u00e1bitos que reduzcan riesgos.<\/p>\n\n\n\n<p>El convenio reconoce la labor fundamental del personal operativo que, d\u00eda a d\u00eda, recorre calles, patios, escuelas y espacios p\u00fablicos para combatir al mosquito transmisor, y reafirma que la salud es una responsabilidad compartida entre gobierno estatal, gobierno municipal y sociedad.<\/p>\n\n\n\n<p>Con acciones como esta, el ayuntamiento de Oaxaca de Ju\u00e1rez, encabezado por el presidente Ray Chagoya, refrenda su compromiso de trabajar de manera cercana y coordinada para garantizar entornos m\u00e1s sanos y seguros para todas y todos.<\/p>\n","protected":false},"excerpt":{"rendered":"<p>Redacci\u00f3n\/Zona Roja. Oaxaca, Oax., a 14 de agosto de 2025.- En el fraccionamiento Los Cedros&hellip;<\/p>\n","protected":false},"author":2,"featured_media":83515,"comment_status":"closed","ping_status":"open","sticky":false,"template":"","format":"standard","meta":{"_lmt_disableupdate":"","_lmt_disable":"","_jetpack_memberships_contains_paid_content":false,"footnotes":""},"categories":[109,46],"tags":[4403],"class_list":["post-83514","post","type-post","status-publish","format-standard","has-post-thumbnail","hentry","category-minuto-a-minuto","category-zona-blanca","tag-ray-chagoya"],"jetpack_featured_media_url":"https:\/\/zonaroja.com.mx\/wp-content\/uploads\/2025\/08\/Convenio-edil-Oaxaca-Ray-Chagoya-y-Servicios-de-Salud-dengue.jpeg","jetpack_sharing_enabled":true,"_links":{"self":[{"href":"https:\/\/zonaroja.com.mx\/index.php?rest_route=\/wp\/v2\/posts\/83514","targetHints":{"allow":["GET"]}}],"collection":[{"href":"https:\/\/zonaroja.com.mx\/index.php?rest_route=\/wp\/v2\/posts"}],"about":[{"href":"https:\/\/zonaroja.com.mx\/index.php?rest_route=\/wp\/v2\/types\/post"}],"author":[{"embeddable":true,"href":"https:\/\/zonaroja.com.mx\/index.php?rest_route=\/wp\/v2\/users\/2"}],"replies":[{"embeddable":true,"href":"https:\/\/zonaroja.com.mx\/index.php?rest_route=%2Fwp%2Fv2%2Fcomments&post=83514"}],"version-history":[{"count":1,"href":"https:\/\/zonaroja.com.mx\/index.php?rest_route=\/wp\/v2\/posts\/83514\/revisions"}],"predecessor-version":[{"id":83516,"href":"https:\/\/zonaroja.com.mx\/index.php?rest_route=\/wp\/v2\/posts\/83514\/revisions\/83516"}],"wp:featuredmedia":[{"embeddable":true,"href":"https:\/\/zonaroja.com.mx\/index.php?rest_route=\/wp\/v2\/media\/83515"}],"wp:attachment":[{"href":"https:\/\/zonaroja.com.mx\/index.php?rest_route=%2Fwp%2Fv2%2Fmedia&parent=83514"}],"wp:term":[{"taxonomy":"category","embeddable":true,"href":"https:\/\/zonaroja.com.mx\/index.php?rest_route=%2Fwp%2Fv2%2Fcategories&post=83514"},{"taxonomy":"post_tag","embeddable":true,"href":"https:\/\/zonaroja.com.mx\/index.php?rest_route=%2Fwp%2Fv2%2Ftags&post=83514"}],"curies":[{"name":"wp","href":"https:\/\/api.w.org\/{rel}","templated":true}]}}