{"id":83519,"date":"2025-08-14T18:29:00","date_gmt":"2025-08-15T00:29:00","guid":{"rendered":"https:\/\/zonaroja.com.mx\/?p=83519"},"modified":"2025-08-14T17:30:50","modified_gmt":"2025-08-14T23:30:50","slug":"hay-muchas-urgencias-pero-una-de-ellas-debe-ser-difundir-la-riqueza-artistica-de-oaxaca","status":"publish","type":"post","link":"https:\/\/zonaroja.com.mx\/?p=83519","title":{"rendered":"\u00abHay muchas urgencias, pero una de ellas debe ser difundir la riqueza art\u00edstica de Oaxaca\u00bb"},"content":{"rendered":"\n<p>Lisbeth Mej\u00eda Reyes\/Zona Roja.<\/p>\n\n\n\n<p>Oaxaca, Oax., a 14 de agosto de 2025.- Se describe como un \u00abcronista aficionado de absurdos sociales\u00bb, pero ha escrito sobre la m\u00fasica, las artes pl\u00e1sticas, la migraci\u00f3n, la literatura y lo que ha vivido en el estado al que lleg\u00f3 a radicar: Oaxaca.&nbsp;<\/p>\n\n\n\n<p>Ahora, el ensayista, poeta y promotor cultural Jorge Pech Casanova (Yucat\u00e1n, 1966) repasa la historia de las artes Oaxaca a trav\u00e9s de quienes la han forjado y han fallecido, y de quienes siguen formando ese legado en vida.&nbsp;<\/p>\n\n\n\n<p>Es a ellas y ellos a quienes homenajea en \u201cArtistas de Oaxaca. Evocaci\u00f3n de ausencias, &nbsp;vindicaci\u00f3n de presencias\u201d, publicado con el sello de Alm\u00e1cigo Ediciones.&nbsp;<\/p>\n\n\n\n<p>Es un libro del que Jorge habla con Zona Roja y con el que da pauta para reflexionar sobre la responsabilidad gubernamental con la cultura, la apropiaci\u00f3n cultural y la naciente feria estatal del libro que tiene en la confusi\u00f3n a la comunidad literaria del estado.<\/p>\n\n\n\n<p>\u00abEs un libro en homenaje a los grandes maestros del arte en Oaxaca, por una parte, y a las artistas que est\u00e1n produciendo en las artes visuales. La primera parte est\u00e1 dedicada a los artistas fallecidos, desde Francisco Bonequi, que es un pintor del siglo XXI poco difundido en la propia Oaxaca; Armando Garc\u00eda N\u00fa\u00f1ez, que tambi\u00e9n es poco recordado, un pintor entre el siglo XXI y el XX; Rufino Tamayo, que todo el mundo lo conoce, tambi\u00e9n Francisco Guti\u00e9rrez, otro pintor olvidado y contempor\u00e1neo de Rufino Tamayo.&nbsp;<\/p>\n\n\n\n<p>\u201cDe ah\u00ed vienen los nombres muy reconocidos: Rodolfo Morales, Rodolfo Nieto, Francisco Toledo, Jes\u00fas Urbieta, Alejandro Santiago, Edmundo y Arnulfo Aquino; son maestros que ya fallecieron.&nbsp;<\/p>\n\n\n\n<p>\u201cY en el \u00faltimo cap\u00edtulo viene un compendio de las mujeres artistas: Justina Fuentes, Irma Guerrero, Susana Wald, Ivonne Kennedy, Siegrid Wiese, Soledad Velasco, Alejandra Villegas&#8230; Est\u00e1n los colectivos de mujeres artistas, que son muy importantes y le han dado un movimiento distinto al arte en Oaxaca. Es un libro hecho para que todo mundo conozca a los artistas\u00bb.<\/p>\n\n\n\n<p>VOLUMEN PARA TODOS<\/p>\n\n\n\n<p>Pech aclara que no es un volumen para especialistas sino para toda persona interesada en las artes y con un precio accesible. Es tambi\u00e9n un primer paso de su trabajo en este aspecto, pues es imposible reunir en un solo volumen al sinf\u00edn de exponentes del arte oaxaque\u00f1o. En una segunda parte, que ya termin\u00f3 de escribir, tambi\u00e9n dedica varias p\u00e1ginas a artistas fallecidos.&nbsp;<\/p>\n\n\n\n<p>\u00abMi plan es continuar con las y los artistas vivos, que son bastantes, y dedicarle un volumen entero. Adem\u00e1s, hay un movimiento de j\u00f3venes artistas enorme, y ese todav\u00eda no est\u00e1 documentado en ninguna parte\u201d.<\/p>\n\n\n\n<p>NULO APOYO<\/p>\n\n\n\n<p>-El esfuerzo por reunir estas historias es por un inter\u00e9s del autor. \u00bfPero qu\u00e9 hace falta de la parte institucional o gubernamental?&nbsp;<\/p>\n\n\n\n<p>El escritor responde:<\/p>\n\n\n\n<p>\u00abEl apoyo que no dan porque este es un esfuerzo personal y de Ediciones Alm\u00e1cigo, que le apost\u00f3 mucho a este libro, que pr\u00e1cticamente se agot\u00f3 su capital en este libro.&nbsp;<\/p>\n\n\n\n<p>\u201cHace falta mucho, que las instituciones recuperen el trabajo que est\u00e1n obligadas a hacer, a publicar esta clase de libros, apoyar estas investigaciones, porque si no es muy c\u00f3modo sentarse a esperar que lo haga la ciudadan\u00eda. Hay muchas urgencias, pero una de ellas debe ser difundir la riqueza art\u00edstica de Oaxaca\u201d.<\/p>\n\n\n\n<p>Jorge, de ra\u00edces mayas, pero conocedor de las culturas de Oaxaca, tambi\u00e9n opina sobre la pol\u00e9mica por la apropiaci\u00f3n cultural de la marca Adidas de un calzado tradicional mexicano, del que autoridades estatales y federales aseguran que es de Yal\u00e1lag:<\/p>\n\n\n\n<p>\u00abDe Yal\u00e1lag es un tema complejo porque inclusive los artesanos est\u00e1n diciendo que el modelo que copiaron es de Michoac\u00e1n. Y no me parecer\u00eda descabellado. Pienso que como quiera que sea, los derechos culturales de las comunidades ind\u00edgenas deben respetarse.&nbsp;<\/p>\n\n\n\n<p>\u201cYa los grandes capitalistas que se aprovechan de esas creaciones no deben ser perdonados ni vistos con simpat\u00eda. Las comunidades merecen respeto, su cultura merece respeto y que se les reconozca la retribuci\u00f3n econ\u00f3mica que se logra con ellos. Y ojal\u00e1 que el gobierno de Oaxaca, que en este caso ya sali\u00f3 tan animosamente a querer cobrar los derechos, les otorgue esos derechos a las comunidades, que no se vuelva un negocio oficial\u00bb.<\/p>\n\n\n\n<p>LA FILO<\/p>\n\n\n\n<p>-Se acaba de anunciar una feria del libro por parte del gobierno estatal y a la par se suspendi\u00f3 la Feria Internacional del Libro de Oaxaca, FILO. \u00bfQu\u00e9 opinas y qu\u00e9 esperas como escritor?<\/p>\n\n\n\n<p>\u00abQue esa feria (la FILO) se debe ciudadanizar urgentemente porque hab\u00eda sido un negocio de un empresario. Y me parece muy mal el planeamiento que est\u00e1 haciendo el gobierno ahora porque invita a las editoriales oaxaque\u00f1as a participar, pero dice que no van a tener foro para presentar a sus autores. Entonces no veo el sentido. Esa no es una feria del libro de Oaxaca, ser\u00e1 una feria del libro del Distrito Federal, de la Ciudad de M\u00e9xico, si quieren verlo as\u00ed, pero no es una feria del libro de Oaxaca porque si no van a permitir que los autores de Oaxaca se presenten, \u00bfpor qu\u00e9 darle ese nombre?\u201d.<\/p>\n","protected":false},"excerpt":{"rendered":"<p>Lisbeth Mej\u00eda Reyes\/Zona Roja. Oaxaca, Oax., a 14 de agosto de 2025.- Se describe como&hellip;<\/p>\n","protected":false},"author":2,"featured_media":83520,"comment_status":"closed","ping_status":"open","sticky":false,"template":"","format":"standard","meta":{"_lmt_disableupdate":"","_lmt_disable":"","_jetpack_memberships_contains_paid_content":false,"footnotes":""},"categories":[109,46],"tags":[4406],"class_list":["post-83519","post","type-post","status-publish","format-standard","has-post-thumbnail","hentry","category-minuto-a-minuto","category-zona-blanca","tag-jorge-pech-casanova"],"jetpack_featured_media_url":"https:\/\/zonaroja.com.mx\/wp-content\/uploads\/2025\/08\/Jorge-Pech-Casanova.jpg","jetpack_sharing_enabled":true,"_links":{"self":[{"href":"https:\/\/zonaroja.com.mx\/index.php?rest_route=\/wp\/v2\/posts\/83519","targetHints":{"allow":["GET"]}}],"collection":[{"href":"https:\/\/zonaroja.com.mx\/index.php?rest_route=\/wp\/v2\/posts"}],"about":[{"href":"https:\/\/zonaroja.com.mx\/index.php?rest_route=\/wp\/v2\/types\/post"}],"author":[{"embeddable":true,"href":"https:\/\/zonaroja.com.mx\/index.php?rest_route=\/wp\/v2\/users\/2"}],"replies":[{"embeddable":true,"href":"https:\/\/zonaroja.com.mx\/index.php?rest_route=%2Fwp%2Fv2%2Fcomments&post=83519"}],"version-history":[{"count":1,"href":"https:\/\/zonaroja.com.mx\/index.php?rest_route=\/wp\/v2\/posts\/83519\/revisions"}],"predecessor-version":[{"id":83521,"href":"https:\/\/zonaroja.com.mx\/index.php?rest_route=\/wp\/v2\/posts\/83519\/revisions\/83521"}],"wp:featuredmedia":[{"embeddable":true,"href":"https:\/\/zonaroja.com.mx\/index.php?rest_route=\/wp\/v2\/media\/83520"}],"wp:attachment":[{"href":"https:\/\/zonaroja.com.mx\/index.php?rest_route=%2Fwp%2Fv2%2Fmedia&parent=83519"}],"wp:term":[{"taxonomy":"category","embeddable":true,"href":"https:\/\/zonaroja.com.mx\/index.php?rest_route=%2Fwp%2Fv2%2Fcategories&post=83519"},{"taxonomy":"post_tag","embeddable":true,"href":"https:\/\/zonaroja.com.mx\/index.php?rest_route=%2Fwp%2Fv2%2Ftags&post=83519"}],"curies":[{"name":"wp","href":"https:\/\/api.w.org\/{rel}","templated":true}]}}