{"id":8352,"date":"2020-02-03T07:01:07","date_gmt":"2020-02-03T13:01:07","guid":{"rendered":"http:\/\/www.zonaroja.com.mx\/?p=8352"},"modified":"2020-02-03T07:01:10","modified_gmt":"2020-02-03T13:01:10","slug":"saldo-del-domingo-en-oaxaca-dos-asesinados-a-balazos","status":"publish","type":"post","link":"https:\/\/zonaroja.com.mx\/?p=8352","title":{"rendered":"Saldo del domingo en Oaxaca: dos asesinados a balazos"},"content":{"rendered":"\n<p>Redacci\u00f3n\/Zona Roja.<\/p>\n\n\n\n<p>Oaxaca de Ju\u00e1rez, Oax., 3 de febrero de\n2020.- Dos personas fueron asesinadas a balazos el domingo en Oaxaca, en las\nregiones Ca\u00f1ada e Istmo de Tehuantepec.<\/p>\n\n\n\n<p>Anoche, en la vialidad de acceso a\nHuautla de Jim\u00e9nez, fue ultimado un taxista, en el interior de su unidad de\nmotor.<\/p>\n\n\n\n<p>El crimen se perpetr\u00f3 cerca de las\n21:00 horas, en la calle Jorge L. Tamayo, mientras el ruletero esperaba\nclientes; sujetos armados llegaron, le dispararon y tras lo cual huyeron.<\/p>\n\n\n\n<p>De manera preliminar fue identificado\nsolamente con su alias de \u201cEl Chilango\u201d.<\/p>\n\n\n\n<p>Por otra parte, en la comunidad de\nPiedra Blanca, del municipio istme\u00f1o de Mat\u00edas Romero Avenda\u00f1o, fue ejecutado\nun individuo, la tarde de ayer.<\/p>\n\n\n\n<p>Sujetos armados dispararon en contra de\nuna persona hasta el momento con identidad desconocida.<\/p>\n\n\n\n<p>Presuntamente se trat\u00f3 del due\u00f1o de un\ndep\u00f3sito de bebidas embriagantes, denominado \u201cVillarreal\u201d. <\/p>\n","protected":false},"excerpt":{"rendered":"<p>Redacci\u00f3n\/Zona Roja. Oaxaca de Ju\u00e1rez, Oax., 3 de febrero de 2020.- Dos personas fueron asesinadas&hellip;<\/p>\n","protected":false},"author":2,"featured_media":8353,"comment_status":"closed","ping_status":"open","sticky":false,"template":"","format":"standard","meta":{"_lmt_disableupdate":"","_lmt_disable":"","_jetpack_memberships_contains_paid_content":false,"footnotes":""},"categories":[109,51],"tags":[203],"class_list":["post-8352","post","type-post","status-publish","format-standard","has-post-thumbnail","hentry","category-minuto-a-minuto","category-zona-roja","tag-huautla-de-jimenez"],"jetpack_featured_media_url":"https:\/\/zonaroja.com.mx\/wp-content\/uploads\/2020\/02\/Huautla1.jpg","jetpack_sharing_enabled":true,"_links":{"self":[{"href":"https:\/\/zonaroja.com.mx\/index.php?rest_route=\/wp\/v2\/posts\/8352","targetHints":{"allow":["GET"]}}],"collection":[{"href":"https:\/\/zonaroja.com.mx\/index.php?rest_route=\/wp\/v2\/posts"}],"about":[{"href":"https:\/\/zonaroja.com.mx\/index.php?rest_route=\/wp\/v2\/types\/post"}],"author":[{"embeddable":true,"href":"https:\/\/zonaroja.com.mx\/index.php?rest_route=\/wp\/v2\/users\/2"}],"replies":[{"embeddable":true,"href":"https:\/\/zonaroja.com.mx\/index.php?rest_route=%2Fwp%2Fv2%2Fcomments&post=8352"}],"version-history":[{"count":1,"href":"https:\/\/zonaroja.com.mx\/index.php?rest_route=\/wp\/v2\/posts\/8352\/revisions"}],"predecessor-version":[{"id":8354,"href":"https:\/\/zonaroja.com.mx\/index.php?rest_route=\/wp\/v2\/posts\/8352\/revisions\/8354"}],"wp:featuredmedia":[{"embeddable":true,"href":"https:\/\/zonaroja.com.mx\/index.php?rest_route=\/wp\/v2\/media\/8353"}],"wp:attachment":[{"href":"https:\/\/zonaroja.com.mx\/index.php?rest_route=%2Fwp%2Fv2%2Fmedia&parent=8352"}],"wp:term":[{"taxonomy":"category","embeddable":true,"href":"https:\/\/zonaroja.com.mx\/index.php?rest_route=%2Fwp%2Fv2%2Fcategories&post=8352"},{"taxonomy":"post_tag","embeddable":true,"href":"https:\/\/zonaroja.com.mx\/index.php?rest_route=%2Fwp%2Fv2%2Ftags&post=8352"}],"curies":[{"name":"wp","href":"https:\/\/api.w.org\/{rel}","templated":true}]}}