{"id":83522,"date":"2025-08-14T17:38:40","date_gmt":"2025-08-14T23:38:40","guid":{"rendered":"https:\/\/zonaroja.com.mx\/?p=83522"},"modified":"2025-08-14T17:38:42","modified_gmt":"2025-08-14T23:38:42","slug":"detienen-a-4-policias-de-putla-por-posibles-vinculos-con-delincuencia","status":"publish","type":"post","link":"https:\/\/zonaroja.com.mx\/?p=83522","title":{"rendered":"Detienen a 4 polic\u00edas de Putla por posibles v\u00ednculos con delincuencia\u00a0"},"content":{"rendered":"\n<p>Redacci\u00f3n\/Zona Roja.&nbsp;<\/p>\n\n\n\n<p>Oaxaca, Oax.,&nbsp;a 14 de agosto de 2025.- Cuatro polic\u00edas municipales de Putla Villa de Guerrero fueron detenidos y son investigados por probables v\u00ednculos con la delincuencia.<\/p>\n\n\n\n<p>Asimismo, el Estado tom\u00f3 el control de la corporaci\u00f3n municipal y requis\u00f3 armas de fuego que utilizaban y que no ten\u00edan permiso de portaci\u00f3n, inform\u00f3 la Fiscal\u00eda General del Estado de Oaxaca.<\/p>\n\n\n\n<p>Este jueves aplic\u00f3 la Operaci\u00f3n \u201cSable\u201d en dicho municipio de la regi\u00f3n Sierra Sur, en coordinaci\u00f3n con la Secretar\u00eda de Gobierno, la Secretar\u00eda de la Marina, Secretar\u00eda de la Defensa&nbsp; Nacional, Guardia Nacional, Polic\u00eda Estatal, la Agencia Estatal de Investigaciones, entre otros.<\/p>\n\n\n\n<p>\u201cEsta acci\u00f3n coordinada permiti\u00f3 tambi\u00e9n tomar control del&nbsp; centros de Control y Comando del Municipio C2, el cual est\u00e1 integrado por m\u00e1s de 50 c\u00e1maras que ahora est\u00e1n bajo control del Estado, a trav\u00e9s del C4\u201d, indic\u00f3 en un comunicado.<\/p>\n\n\n\n<p>Detall\u00f3 que la Operaci\u00f3n \u201cSable\u201d es producto de trabajos de inteligencia criminal, los cuales permitieron detener a los cuatro elementos de la polic\u00eda municipal por su posible vinculaci\u00f3n con c\u00e9lulas delictivas locales.<\/p>\n\n\n\n<p>Adem\u00e1s que, a trav\u00e9s del Secretariado Ejecutivo de Seguridad P\u00fablica, se aplicaron pruebas toxicol\u00f3gicas a las y los elementos de la polic\u00eda municipal.<\/p>\n\n\n\n<p>\u201cEsta intervenci\u00f3n permiti\u00f3 el aseguramiento de 13 armas de las cuales no tienen autorizaci\u00f3n para portar, entre las cuales se encuentran escopetas y armas cortas, adem\u00e1s de 10 armas blancas, as\u00ed como radios port\u00e1tiles a los cuales no deber\u00edan tener acceso\u201d.<\/p>\n\n\n\n<p>La Operaci\u00f3n \u201cSable\u201d coordinada por la Fiscal\u00eda de Oaxaca en colaboraci\u00f3n con el Gabinete de Seguridad participan m\u00e1s de 600 elementos de las diferentes corporaciones, quienes tomaron el control de la seguridad en este municipio y permanecer\u00e1n el tiempo que sea necesario para garantizar la tranquilidad de la poblaci\u00f3n.&nbsp;<\/p>\n\n\n\n<p>Este operativo en materia de seguridad incluye patrullajes, instalaci\u00f3n de filtros de seguridad, as\u00ed como intervenciones t\u00e1cticas en puntos cr\u00edticos del municipio, con el prop\u00f3sito de localizar objetivos prioritarios de la regi\u00f3n y a posibles responsables de delitos para presentarlos ante la autoridad correspondiente.<\/p>\n","protected":false},"excerpt":{"rendered":"<p>Redacci\u00f3n\/Zona Roja.&nbsp; Oaxaca, Oax.,&nbsp;a 14 de agosto de 2025.- Cuatro polic\u00edas municipales de Putla Villa&hellip;<\/p>\n","protected":false},"author":2,"featured_media":83523,"comment_status":"closed","ping_status":"open","sticky":false,"template":"","format":"standard","meta":{"_lmt_disableupdate":"","_lmt_disable":"","_jetpack_memberships_contains_paid_content":false,"footnotes":""},"categories":[109,46],"tags":[494],"class_list":["post-83522","post","type-post","status-publish","format-standard","has-post-thumbnail","hentry","category-minuto-a-minuto","category-zona-blanca","tag-fiscalia-general-del-estado-de-oaxaca"],"jetpack_featured_media_url":"https:\/\/zonaroja.com.mx\/wp-content\/uploads\/2025\/08\/BOLETIN-1663.-Toma-Operacion-Sable-control-de-seguridad-en-Putla16.jpeg","jetpack_sharing_enabled":true,"_links":{"self":[{"href":"https:\/\/zonaroja.com.mx\/index.php?rest_route=\/wp\/v2\/posts\/83522","targetHints":{"allow":["GET"]}}],"collection":[{"href":"https:\/\/zonaroja.com.mx\/index.php?rest_route=\/wp\/v2\/posts"}],"about":[{"href":"https:\/\/zonaroja.com.mx\/index.php?rest_route=\/wp\/v2\/types\/post"}],"author":[{"embeddable":true,"href":"https:\/\/zonaroja.com.mx\/index.php?rest_route=\/wp\/v2\/users\/2"}],"replies":[{"embeddable":true,"href":"https:\/\/zonaroja.com.mx\/index.php?rest_route=%2Fwp%2Fv2%2Fcomments&post=83522"}],"version-history":[{"count":1,"href":"https:\/\/zonaroja.com.mx\/index.php?rest_route=\/wp\/v2\/posts\/83522\/revisions"}],"predecessor-version":[{"id":83524,"href":"https:\/\/zonaroja.com.mx\/index.php?rest_route=\/wp\/v2\/posts\/83522\/revisions\/83524"}],"wp:featuredmedia":[{"embeddable":true,"href":"https:\/\/zonaroja.com.mx\/index.php?rest_route=\/wp\/v2\/media\/83523"}],"wp:attachment":[{"href":"https:\/\/zonaroja.com.mx\/index.php?rest_route=%2Fwp%2Fv2%2Fmedia&parent=83522"}],"wp:term":[{"taxonomy":"category","embeddable":true,"href":"https:\/\/zonaroja.com.mx\/index.php?rest_route=%2Fwp%2Fv2%2Fcategories&post=83522"},{"taxonomy":"post_tag","embeddable":true,"href":"https:\/\/zonaroja.com.mx\/index.php?rest_route=%2Fwp%2Fv2%2Ftags&post=83522"}],"curies":[{"name":"wp","href":"https:\/\/api.w.org\/{rel}","templated":true}]}}