{"id":83528,"date":"2025-08-14T21:55:52","date_gmt":"2025-08-15T03:55:52","guid":{"rendered":"https:\/\/zonaroja.com.mx\/?p=83528"},"modified":"2025-08-14T21:55:54","modified_gmt":"2025-08-15T03:55:54","slug":"asegura-gobierno-de-oaxaca-que-hay-reduccion-de-pobreza-en-dos-anos","status":"publish","type":"post","link":"https:\/\/zonaroja.com.mx\/?p=83528","title":{"rendered":"Asegura gobierno de Oaxaca que hay reducci\u00f3n de pobreza en dos a\u00f1os"},"content":{"rendered":"\n<p>Redacci\u00f3n\/Zona Roja.&nbsp;<\/p>\n\n\n\n<p>Oaxaca, Oax., a 14 de agosto de 2025.- Como resultado de una pol\u00edtica social cercana y humanista, que ubica al centro la justicia, igualdad y dignidad de las y los oaxaque\u00f1os, el Gobierno de Salom\u00f3n Jara Cruz logr\u00f3, en los \u00faltimos 2 a\u00f1os, que m\u00e1s de 280 mil habitantes abandonen la pobreza.<\/p>\n\n\n\n<p>Aunado a ello, m\u00e1s de 165 mil oaxaque\u00f1as y oaxaque\u00f1os dejaron la pobreza extrema.<\/p>\n\n\n\n<p>De acuerdo con el informe del Instituto Nacional de Estad\u00edstica y Geograf\u00eda (Inegi), durante el periodo de 2022 \u2013 2024, desde que inici\u00f3 la Primavera Oaxaque\u00f1a a la fecha, la pobreza tuvo una disminuci\u00f3n, sin precedente, de 6.8 puntos porcentuales, en tanto, la pobreza extrema de 3.9 por ciento.<\/p>\n\n\n\n<p>Sin endeudar al Estado, estos logros se derivan de la estrategia de bienestar impulsada por el Mandatario estatal, como parte de la reparaci\u00f3n hist\u00f3rica con los pueblos de Oaxaca, ante a\u00f1os de abandono y olvido. Mediante acciones de territorio y atenci\u00f3n directa, se mejoran los servicios b\u00e1sicos de la poblaci\u00f3n y favorecer a los que menos tienen.<\/p>\n\n\n\n<p>Otro de los datos que arroja esta medici\u00f3n es el incremento en 21.8 por ciento en el acceso de la poblaci\u00f3n a los servicios de salud; 8.5 por ciento a servicios b\u00e1sicos en vivienda; 5.1 por ciento a la alimentaci\u00f3n nutritiva y de calidad; 2.2 por ciento a la calidad y espacios de vivienda y 0.4 por ciento a seguridad social.<\/p>\n\n\n\n<p>LAS ACCIONES<\/p>\n\n\n\n<p>La titular de la Secretar\u00eda de Bienestar, Tequio e Inclusi\u00f3n, Vilma Mart\u00ednez Cort\u00e9s expuso que, desde el inicio de la Primavera Oaxaque\u00f1a, se han invertido 1 mil 67 millones de pesos en programas sociales, en beneficio de 985 mil personas en todo el estado.<\/p>\n\n\n\n<p>Entre estos destacan: Mujer Primavera, con la entrega de microcr\u00e9ditos sin intereses a 9 mil 500 emprendedoras con recursos por 50 millones de pesos; Tarjeta Margarita Maza en favor de 19 mil 792 jefas de familia con 250 millones de pesos; Farmacias Bienestar con m\u00e1s de 41 mil servicios m\u00e9dicos, nutricionales, dentales y jur\u00eddicos; Mi Primera Chamba para 4 mil 372 j\u00f3venes, con una inversi\u00f3n de 450 mil pesos y Tarjeta Joven a favor de 13 mil 194 personas beneficiarias.&nbsp;<\/p>\n\n\n\n<p>El modelo social basado en: la ampliaci\u00f3n de programas y acciones sociales, la atenci\u00f3n prioritaria a grupos vulnerables y comunidades hist\u00f3ricamente discriminadas, implementaci\u00f3n de una pol\u00edtica de bienestar integral y coordinada entre dependencias y entidades, as\u00ed como, la intervenci\u00f3n directa en territorio con acciones que impactan las zonas de mayor marginaci\u00f3n y pobreza en el estado; da resultados.<\/p>\n\n\n\n<p>Adem\u00e1s, ha sido el respaldo indispensable el respaldo permanente que brinda el Gobierno de M\u00e9xico, encabezado por la Presidenta Claudia Sheinbaum Pardo, para elevar la calidad de vida de las mujeres y hombres de las ocho regiones de la entidad.<\/p>\n","protected":false},"excerpt":{"rendered":"<p>Redacci\u00f3n\/Zona Roja.&nbsp; Oaxaca, Oax., a 14 de agosto de 2025.- Como resultado de una pol\u00edtica&hellip;<\/p>\n","protected":false},"author":2,"featured_media":83529,"comment_status":"closed","ping_status":"open","sticky":false,"template":"","format":"standard","meta":{"_lmt_disableupdate":"","_lmt_disable":"","_jetpack_memberships_contains_paid_content":false,"footnotes":""},"categories":[109,46],"tags":[939],"class_list":["post-83528","post","type-post","status-publish","format-standard","has-post-thumbnail","hentry","category-minuto-a-minuto","category-zona-blanca","tag-salomon-jara-cruz"],"jetpack_featured_media_url":"https:\/\/zonaroja.com.mx\/wp-content\/uploads\/2025\/08\/Gobernador-Salomon-Jara-programas-sociales.jpeg","jetpack_sharing_enabled":true,"_links":{"self":[{"href":"https:\/\/zonaroja.com.mx\/index.php?rest_route=\/wp\/v2\/posts\/83528","targetHints":{"allow":["GET"]}}],"collection":[{"href":"https:\/\/zonaroja.com.mx\/index.php?rest_route=\/wp\/v2\/posts"}],"about":[{"href":"https:\/\/zonaroja.com.mx\/index.php?rest_route=\/wp\/v2\/types\/post"}],"author":[{"embeddable":true,"href":"https:\/\/zonaroja.com.mx\/index.php?rest_route=\/wp\/v2\/users\/2"}],"replies":[{"embeddable":true,"href":"https:\/\/zonaroja.com.mx\/index.php?rest_route=%2Fwp%2Fv2%2Fcomments&post=83528"}],"version-history":[{"count":1,"href":"https:\/\/zonaroja.com.mx\/index.php?rest_route=\/wp\/v2\/posts\/83528\/revisions"}],"predecessor-version":[{"id":83530,"href":"https:\/\/zonaroja.com.mx\/index.php?rest_route=\/wp\/v2\/posts\/83528\/revisions\/83530"}],"wp:featuredmedia":[{"embeddable":true,"href":"https:\/\/zonaroja.com.mx\/index.php?rest_route=\/wp\/v2\/media\/83529"}],"wp:attachment":[{"href":"https:\/\/zonaroja.com.mx\/index.php?rest_route=%2Fwp%2Fv2%2Fmedia&parent=83528"}],"wp:term":[{"taxonomy":"category","embeddable":true,"href":"https:\/\/zonaroja.com.mx\/index.php?rest_route=%2Fwp%2Fv2%2Fcategories&post=83528"},{"taxonomy":"post_tag","embeddable":true,"href":"https:\/\/zonaroja.com.mx\/index.php?rest_route=%2Fwp%2Fv2%2Ftags&post=83528"}],"curies":[{"name":"wp","href":"https:\/\/api.w.org\/{rel}","templated":true}]}}