{"id":83531,"date":"2025-08-15T07:23:00","date_gmt":"2025-08-15T13:23:00","guid":{"rendered":"https:\/\/zonaroja.com.mx\/?p=83531"},"modified":"2025-08-15T06:26:20","modified_gmt":"2025-08-15T12:26:20","slug":"jefe-de-la-dea-presume-foto-con-el-cuini-cunado-de-el-mencho-esposado","status":"publish","type":"post","link":"https:\/\/zonaroja.com.mx\/?p=83531","title":{"rendered":"Jefe de la DEA presume foto con \u201cEl Cuini\u201d, cu\u00f1ado de \u201cEl Mencho\u201d, esposado"},"content":{"rendered":"\n<p>Redacci\u00f3n\/Zona Roja Cdmx.<\/p>\n\n\n\n<p>Ciudad de M\u00e9xico, a 15 de agosto de 2025.- Terrance \u201cTerry\u201d Cole, titular de la Agencia Antidrogas de Estados Unidos (DEA, por sus siglas en ingl\u00e9s), difundi\u00f3, el 14 de agosto de 2025, una fotograf\u00eda de \u00e9l escoltando al capo michoacano Abigael Gonz\u00e1lez Valencia, alias \u201cEl Cuini\u201d, l\u00edder del grupo delictivo \u201cLos Cuinis\u201d, socios y administradores de los recursos econ\u00f3micos del C\u00e1rtel Jalisco Nueva Generaci\u00f3n (CJNG), as\u00ed como cu\u00f1ado de Nemesio Rub\u00e9n Oseguera Cervantes, \u201cEl Mencho\u201d.<\/p>\n\n\n\n<p>\u201c\ud835\udc08\ud835\udc0d \ud835\udc02\ud835\udc14\ud835\udc12\ud835\udc13\ud835\udc0e\ud835\udc03\ud835\udc18: El administrador de la #DEA, Terry Cole, detiene al objetivo de alto nivel de la DEA, Abigael \u201cEl Cuini\u201d Gonz\u00e1lez Valencia, cu\u00f1ado de \u201cEl Mencho\u201d y principal financiero de la operaci\u00f3n del CJNG. #DEACartelExperts #OpTakeBackAmerica #GodBlessLE\u201d, escribi\u00f3 en su cuenta de X, la agencia del Departamento de Justicia de EE. UU. (DOJ, por sus siglas en ingl\u00e9s), en la cual se anex\u00f3 la imagen.<\/p>\n\n\n\n<p>En la fotograf\u00eda se observaba al cu\u00f1ado de \u201cEl Mencho\u201d, esposado de pies y manos, adem\u00e1s de que estaba vestido con un overol color beige, tras bajar del avi\u00f3n de la Fuerza A\u00e9rea Mexicana (FAM), que lo traslad\u00f3 desde la Ciudad de M\u00e9xico a Washington D.C.<\/p>\n\n\n\n<p>Adem\u00e1s de \u201cEl Cuini\u201d, se ve\u00eda al funcionario federal estadounidense, ataviado con unos lentes oscuros, camisa blanca a rayas y una chamarra color azul marino, con las siglas de la DEA. Adem\u00e1s de un presunto agente de la Secretar\u00eda de Seguridad y Protecci\u00f3n Ciudadana (SSPC), del Gobierno de M\u00e9xico, que agarr\u00f3 del brazo al capo michoacano.<\/p>\n\n\n\n<p>Cole calific\u00f3, el 13 de agosto de 2025, como un \u201cpaso significativo para desmantelar a los c\u00e1rteles\u201d, la entrega, un d\u00eda antes, por parte de autoridades de M\u00e9xico, de 26 capos mexicanos. El funcionario federal estadounidense destac\u00f3 el traslado a EE. UU. de \u201cEl Cuini\u201d.<\/p>\n\n\n\n<p>En un comunicado, publicado en la cuenta de X de la DEA, Cole asegur\u00f3 que \u201cestas detenciones son el resultado del incansable trabajo de investigaci\u00f3n\u201d de dicha agencia del Departamento de Justicia de EE. UU, \u201cy la coordinaci\u00f3n operativa entre las fuerzas del orden estadounidenses y mexicanas\u201d.<\/p>\n\n\n\n<p>\u201cEste es un paso significativo en el esfuerzo continuo de la DEA por desmantelar los c\u00e1rteles designados como Organizaciones Terroristas Extranjeras. Veintis\u00e9is fugitivos, muchos de ellos asociados con el CJNG, Sinaloa y Los Zetas, se encuentran ahora bajo custodia estadounidense\u201d, indic\u00f3 Cole.<\/p>\n\n\n\n<p>\u201cEntre ellos se encuentra Abigael \u2018El Cuini\u2019 Gonz\u00e1lez Valencia, cu\u00f1ado del l\u00edder del CJNG, \u2018El Mencho\u2019, y l\u00edder de \u201cLos Cuinis\u201d, organizaci\u00f3n responsable del tr\u00e1fico de m\u00faltiples toneladas de coca\u00edna desde Sudam\u00e9rica a trav\u00e9s de M\u00e9xico y hacia Estados Unidos.&nbsp;<\/p>\n\n\n\n<p>Estos arrestos son el resultado de la incansable labor de investigaci\u00f3n de la DEA y la coordinaci\u00f3n operativa entre las autoridades estadounidenses y mexicanas\u201d, finaliz\u00f3 el funcionario federal de EE. UU.<\/p>\n\n\n\n<p>\u201cEl Cuini\u201d se declar\u00f3 no culpable, el 13 de agosto de 2025, durante una comparecencia en la Corte Federal del Distrito de Columbia -en Washington D.C.-, por cargos de crimen organizado, tr\u00e1fico de coca\u00edna y metanfetamina y uso de armas de fuego. Su pr\u00f3xima audiencia ser\u00e1 el d\u00eda 26 del mismo mes y a\u00f1o.<\/p>\n\n\n\n<p>El Departamento de Justicia de EE. UU. confirm\u00f3, el 12 de agosto de 2025, que entre los 26 presuntos delincuentes, que a su solicitud fueron trasladados por la Fiscal\u00eda General de la Rep\u00fablica (FGR), junto con las secretar\u00edas SSPC del Gobierno Federal, de Relaciones Exteriores (SRE) y de Gobernaci\u00f3n (SEGOB) a dicho pa\u00eds, se encontraba Gonz\u00e1lez Valencia.<\/p>\n\n\n\n<p>\u201c[\u2026] \u2018Los Cuinis\u2019, un importante c\u00e1rtel mexicano de la droga responsable del tr\u00e1fico de m\u00faltiples toneladas de coca\u00edna desde Sudam\u00e9rica, a trav\u00e9s de M\u00e9xico, hacia Estados Unidos. \u2018Los Cuinis\u2019 financiaron la fundaci\u00f3n y el crecimiento del C\u00e1rtel de Jalisco Nueva Generaci\u00f3n (CJNG), que trafica cientos de toneladas de coca\u00edna, metanfetamina y fentanilo a Estados Unidos y otros pa\u00edses, y es conocido por su violencia extrema, asesinatos, tortura y corrupci\u00f3n\u201d, se\u00f1al\u00f3, el 20 de junio de 2025, el DOJ, en un comunicado.<\/p>\n\n\n\n<p>\u201cEn febrero de 2025, el presidente [Donald] Trump design\u00f3 al CJNG como organizaci\u00f3n terrorista extranjera. Seg\u00fan documentos judiciales, el m\u00e1ximo l\u00edder del CJNG, Nemesio Oseguera Cervantes, tambi\u00e9n conocido como \u2018El Mencho\u2019, es cu\u00f1ado de los hermanos Gonz\u00e1lez-Valencia.&nbsp;<\/p>\n\n\n\n<p>\u201cEstrechamente aliados, Los Cuinis y el CJNG forman una de las organizaciones criminales transnacionales m\u00e1s violentas y prol\u00edficas del mundo, responsable del env\u00edo de enormes cantidades de drogas a Estados Unidos y de ejercer una violencia extrema para lograr dicho objetivo\u201d, destac\u00f3 el Departamento de Justicia de EE. UU.<\/p>\n\n\n\n<p>\u201cEn el traslado de hoy se incluyen los siguientes fugitivos: Abigael Gonz\u00e1lez Valencia, tambi\u00e9n conocido como \u2018Cuini\u2019, es uno de los l\u00edderes de \u201cLos Cuinis\u201d, un importante c\u00e1rtel de la droga mexicano responsable del tr\u00e1fico de m\u00faltiples toneladas de coca\u00edna desde Sudam\u00e9rica, a trav\u00e9s de M\u00e9xico, hasta Estados Unidos\u201d, detall\u00f3 el DOJ, el 12 de agosto de 2025.<\/p>\n\n\n\n<p>(Informaci\u00f3n de \u201cZeta\u201d Tijuana\u201d)<\/p>\n","protected":false},"excerpt":{"rendered":"<p>Redacci\u00f3n\/Zona Roja Cdmx. Ciudad de M\u00e9xico, a 15 de agosto de 2025.- Terrance \u201cTerry\u201d Cole,&hellip;<\/p>\n","protected":false},"author":2,"featured_media":83532,"comment_status":"closed","ping_status":"open","sticky":false,"template":"","format":"standard","meta":{"_lmt_disableupdate":"","_lmt_disable":"","_jetpack_memberships_contains_paid_content":false,"footnotes":""},"categories":[109,46],"tags":[4407],"class_list":["post-83531","post","type-post","status-publish","format-standard","has-post-thumbnail","hentry","category-minuto-a-minuto","category-zona-blanca","tag-abigael-gonzalez-valencia-el-cuini"],"jetpack_featured_media_url":"https:\/\/zonaroja.com.mx\/wp-content\/uploads\/2025\/08\/El-Cuini-DEA.jpg","jetpack_sharing_enabled":true,"_links":{"self":[{"href":"https:\/\/zonaroja.com.mx\/index.php?rest_route=\/wp\/v2\/posts\/83531","targetHints":{"allow":["GET"]}}],"collection":[{"href":"https:\/\/zonaroja.com.mx\/index.php?rest_route=\/wp\/v2\/posts"}],"about":[{"href":"https:\/\/zonaroja.com.mx\/index.php?rest_route=\/wp\/v2\/types\/post"}],"author":[{"embeddable":true,"href":"https:\/\/zonaroja.com.mx\/index.php?rest_route=\/wp\/v2\/users\/2"}],"replies":[{"embeddable":true,"href":"https:\/\/zonaroja.com.mx\/index.php?rest_route=%2Fwp%2Fv2%2Fcomments&post=83531"}],"version-history":[{"count":1,"href":"https:\/\/zonaroja.com.mx\/index.php?rest_route=\/wp\/v2\/posts\/83531\/revisions"}],"predecessor-version":[{"id":83533,"href":"https:\/\/zonaroja.com.mx\/index.php?rest_route=\/wp\/v2\/posts\/83531\/revisions\/83533"}],"wp:featuredmedia":[{"embeddable":true,"href":"https:\/\/zonaroja.com.mx\/index.php?rest_route=\/wp\/v2\/media\/83532"}],"wp:attachment":[{"href":"https:\/\/zonaroja.com.mx\/index.php?rest_route=%2Fwp%2Fv2%2Fmedia&parent=83531"}],"wp:term":[{"taxonomy":"category","embeddable":true,"href":"https:\/\/zonaroja.com.mx\/index.php?rest_route=%2Fwp%2Fv2%2Fcategories&post=83531"},{"taxonomy":"post_tag","embeddable":true,"href":"https:\/\/zonaroja.com.mx\/index.php?rest_route=%2Fwp%2Fv2%2Ftags&post=83531"}],"curies":[{"name":"wp","href":"https:\/\/api.w.org\/{rel}","templated":true}]}}