{"id":83536,"date":"2025-08-15T09:15:00","date_gmt":"2025-08-15T15:15:00","guid":{"rendered":"https:\/\/zonaroja.com.mx\/?p=83536"},"modified":"2025-08-15T06:46:23","modified_gmt":"2025-08-15T12:46:23","slug":"revoca-tribunal-convocatoria-para-eleccion-en-san-antonio-de-la-cal","status":"publish","type":"post","link":"https:\/\/zonaroja.com.mx\/?p=83536","title":{"rendered":"Revoca Tribunal convocatoria para elecci\u00f3n en San Antonio de la Cal"},"content":{"rendered":"\n<p>Redacci\u00f3n\/Zona Roja.<\/p>\n\n\n\n<p>Oaxaca, Oax., a 14 de agosto de 2025.- El Tribunal Electoral del Estado de Oaxaca (TEEO) resolvi\u00f3 la impugnaci\u00f3n presentada por la convocatoria de elecci\u00f3n emitida el 9 de agosto por las autoridades del municipio de San Antonio de la Cal.&nbsp;<\/p>\n\n\n\n<p>A trav\u00e9s del Juicio para la Protecci\u00f3n de los Derechos Pol\u00edtico Electorales de la Ciudadan\u00eda en el R\u00e9gimen de los Sistemas Normativos Internos con clave JDCI\/100\/2025, las magistradas que integran el pleno de este Tribunal, votaron por unanimidad y revocaron la convocatoria, ya que las reglas no se ajustaron al m\u00e9todo electivo de la comunidad. &nbsp;<\/p>\n\n\n\n<p>\u201cLa convocatoria no fue emitida por la autoridad municipal, circunstancia que no genera certeza que la resoluci\u00f3n de instalar el Consejo Municipal Electoral en los t\u00e9rminos en que fueron convocados, devenga de una decisi\u00f3n en la que la autoridad municipal en su conjunto haya tenido participaci\u00f3n\u201d, se lee en la resoluci\u00f3n.&nbsp;<\/p>\n\n\n\n<p>En la sesi\u00f3n celebrada este jueves a trav\u00e9s del sistema de videoconferencia, la ponencia a cargo de la magistrada presidenta del TEEO, Sandra P\u00e9rez Cruz, expuso que la convocatoria no llama a votar a todas las secciones que integran la comunidad ind\u00edgena y tampoco garantiza la prerrogativa de todas las personas integrantes de San Antonio de la Cal, lo que vulnera el principio de universalidad del sufragio.<\/p>\n\n\n\n<p>Por lo anterior el \u00f3rgano jurisdiccional orden\u00f3 a los integrantes del ayuntamiento den cumplimiento con lo ordenado en la determinaci\u00f3n.&nbsp;<\/p>\n\n\n\n<p>En este mismo contexto, pero a trav\u00e9s los Juicios Electorales 37 y 38, Juicios Ciudadanos 80 y 81 y Juicio de la Ciudadan\u00eda 95, todos del presente a\u00f1o, el Tribunal Electoral confirm\u00f3 el acuerdo IEEPCO-CG-SIN-17\/2025 y el dictamen DESNI-IEEPCO-CAT-245-2025.<\/p>\n\n\n\n<p>El primero corresponde a la orden de registro y publicaci\u00f3n del dictamen, en el segundo se identifica el m\u00e9todo de elecci\u00f3n de concejal\u00edas en dicho ayuntamiento.&nbsp;<\/p>\n\n\n\n<p>Ciudadanas y ciudadanos se\u00f1alaron que el dictamen vulner\u00f3 el sistema normativo de su comunidad, ya que consideraron que fue incorrecto validar la implementaci\u00f3n de las figuras de reelecci\u00f3n o elecci\u00f3n consecutiva y la terminaci\u00f3n de mandato a su m\u00e9todo de elecci\u00f3n. Agregaron que falt\u00f3 difusi\u00f3n de las convocatorias y juzgar con perspectiva de g\u00e9nero.<\/p>\n\n\n\n<p>EL TEEO a trav\u00e9s de la ponencia de la magistrada Elizabeth Bautista Velasco, declar\u00f3 infundados los agravios, ya que la parte actora no aport\u00f3 elementos firmes respecto a la indebida fundamentaci\u00f3n y motivaci\u00f3n del dictamen para realizar un pronunciamiento de fondo.<\/p>\n\n\n\n<p>En esta sesi\u00f3n se resolvieron dos Juicios para la Protecci\u00f3n de los Derechos Pol\u00edtico Electorales del Ciudadano (JDC), dos Juicios para la Protecci\u00f3n de los Derechos Pol\u00edtico Electorales de la Ciudadan\u00eda en el R\u00e9gimen de los Sistemas Normativos Internos (JDCI); y dos Juicios Electorales de los Sistemas Normativos Internos (JNI).&nbsp;<\/p>\n","protected":false},"excerpt":{"rendered":"<p>Redacci\u00f3n\/Zona Roja. Oaxaca, Oax., a 14 de agosto de 2025.- El Tribunal Electoral del Estado&hellip;<\/p>\n","protected":false},"author":2,"featured_media":83537,"comment_status":"closed","ping_status":"open","sticky":false,"template":"","format":"standard","meta":{"_lmt_disableupdate":"","_lmt_disable":"","_jetpack_memberships_contains_paid_content":false,"footnotes":""},"categories":[109,47],"tags":[875],"class_list":["post-83536","post","type-post","status-publish","format-standard","has-post-thumbnail","hentry","category-minuto-a-minuto","category-zona-gris","tag-san-antonio-de-la-cal"],"jetpack_featured_media_url":"https:\/\/zonaroja.com.mx\/wp-content\/uploads\/2025\/08\/San-Antonio-de-la-Cal.jpg","jetpack_sharing_enabled":true,"_links":{"self":[{"href":"https:\/\/zonaroja.com.mx\/index.php?rest_route=\/wp\/v2\/posts\/83536","targetHints":{"allow":["GET"]}}],"collection":[{"href":"https:\/\/zonaroja.com.mx\/index.php?rest_route=\/wp\/v2\/posts"}],"about":[{"href":"https:\/\/zonaroja.com.mx\/index.php?rest_route=\/wp\/v2\/types\/post"}],"author":[{"embeddable":true,"href":"https:\/\/zonaroja.com.mx\/index.php?rest_route=\/wp\/v2\/users\/2"}],"replies":[{"embeddable":true,"href":"https:\/\/zonaroja.com.mx\/index.php?rest_route=%2Fwp%2Fv2%2Fcomments&post=83536"}],"version-history":[{"count":1,"href":"https:\/\/zonaroja.com.mx\/index.php?rest_route=\/wp\/v2\/posts\/83536\/revisions"}],"predecessor-version":[{"id":83538,"href":"https:\/\/zonaroja.com.mx\/index.php?rest_route=\/wp\/v2\/posts\/83536\/revisions\/83538"}],"wp:featuredmedia":[{"embeddable":true,"href":"https:\/\/zonaroja.com.mx\/index.php?rest_route=\/wp\/v2\/media\/83537"}],"wp:attachment":[{"href":"https:\/\/zonaroja.com.mx\/index.php?rest_route=%2Fwp%2Fv2%2Fmedia&parent=83536"}],"wp:term":[{"taxonomy":"category","embeddable":true,"href":"https:\/\/zonaroja.com.mx\/index.php?rest_route=%2Fwp%2Fv2%2Fcategories&post=83536"},{"taxonomy":"post_tag","embeddable":true,"href":"https:\/\/zonaroja.com.mx\/index.php?rest_route=%2Fwp%2Fv2%2Ftags&post=83536"}],"curies":[{"name":"wp","href":"https:\/\/api.w.org\/{rel}","templated":true}]}}