{"id":83549,"date":"2025-08-15T14:15:00","date_gmt":"2025-08-15T20:15:00","guid":{"rendered":"https:\/\/zonaroja.com.mx\/?p=83549"},"modified":"2025-08-15T08:04:49","modified_gmt":"2025-08-15T14:04:49","slug":"juchitan-la-ciudad-mas-violenta-para-mujeres-de-oaxaca-en-los-ultimos-meses","status":"publish","type":"post","link":"https:\/\/zonaroja.com.mx\/?p=83549","title":{"rendered":"Juchit\u00e1n, la ciudad m\u00e1s violenta para mujeres de Oaxaca en los \u00faltimos meses"},"content":{"rendered":"\n<p>Lisbeth Mej\u00eda Reyes\/Zona Roja.<\/p>\n\n\n\n<p>Oaxaca, Oax., a 15 de agosto de 2025.- El Istmo de Tehuantepec se ha convertido en la regi\u00f3n m\u00e1s letal para las mujeres en el estado de Oaxaca, pues aqu\u00ed han sido asesinadas 15 de las 52 mujeres en lo que va del a\u00f1o.&nbsp;<\/p>\n\n\n\n<p>Es decir, el 29 por ciento o tres de cada 10 v\u00edctimas de delitos con las caracter\u00edsticas de probables feminicidios.<\/p>\n\n\n\n<p>En esa regi\u00f3n, es Juchit\u00e1n de Zaragoza la ciudad m\u00e1s letal, al concentrar siete de los 15 asesinatos y en donde la vida de las mujeres es arrancada principalmente a balazos, como muestra de la violencia que sacude al estado y que deja familias destrozadas, a hijos hu\u00e9rfanos y m\u00e1s temor entre las mujeres.<\/p>\n\n\n\n<p>La m\u00e1s reciente v\u00edctima fue Yarah\u00ed G., asesinada la madrugada de este mi\u00e9rcoles 13 de agosto y cuyo cuerpo fue encontrado en el Perif\u00e9rico, a la altura de la colonia Tierra y Libertad, en Juchit\u00e1n de Zaragoza. Con el asesinato de la joven de 27 qued\u00f3 en orfandad una ni\u00f1a.<\/p>\n\n\n\n<p>\u00abEl visible incremento de feminicidios es un reflejo de nuestro contexto social, donde la impunidad y la falta acci\u00f3n de institucional permiten que la violencia sea una constante en Oaxaca\u00bb, expres\u00f3 este jueves el Grupo de Estudios sobre la Mujer Rosario Castellanos (GES Mujer), al informar que del 1 de enero y hasta el 14 de agosto de este a\u00f1o son ya 52 muertes violentas de mujeres en Oaxaca.<\/p>\n\n\n\n<p>Durante la administraci\u00f3n del gobernador Salom\u00f3n Jara, del 1 de diciembre a la fecha, se han registrado 256 casos de muertes violentas de mujeres. Y de ese total el 65% fue causado por impacto de proyectil de arma de fuego, detalla la asociaci\u00f3n civil.<\/p>\n\n\n\n<p>Al reiterar que \u00ablas mujeres merecemos por derecho tener garantizado el acceso a una vida libre de violencias\u00bb, la asociaci\u00f3n exigi\u00f3 nuevamente a las autoridades \u00abla implementaci\u00f3n activa de pol\u00edticas y medidas de prevenci\u00f3n efectivas, con enfoque de g\u00e9nero y el respeto a nuestros derechos humanos\u00bb, pues a pesar de la Alerta de Violencia de G\u00e9nero implementadas en 2018 las mujeres siguen siendo asesinadas.<\/p>\n","protected":false},"excerpt":{"rendered":"<p>Lisbeth Mej\u00eda Reyes\/Zona Roja. Oaxaca, Oax., a 15 de agosto de 2025.- El Istmo de&hellip;<\/p>\n","protected":false},"author":2,"featured_media":83550,"comment_status":"closed","ping_status":"open","sticky":false,"template":"","format":"standard","meta":{"_lmt_disableupdate":"","_lmt_disable":"","_jetpack_memberships_contains_paid_content":false,"footnotes":""},"categories":[109,47],"tags":[543],"class_list":["post-83549","post","type-post","status-publish","format-standard","has-post-thumbnail","hentry","category-minuto-a-minuto","category-zona-gris","tag-feminicidio-en-juchitan"],"jetpack_featured_media_url":"https:\/\/zonaroja.com.mx\/wp-content\/uploads\/2025\/08\/Feminicidios-Juchitan-protestas.jpg","jetpack_sharing_enabled":true,"_links":{"self":[{"href":"https:\/\/zonaroja.com.mx\/index.php?rest_route=\/wp\/v2\/posts\/83549","targetHints":{"allow":["GET"]}}],"collection":[{"href":"https:\/\/zonaroja.com.mx\/index.php?rest_route=\/wp\/v2\/posts"}],"about":[{"href":"https:\/\/zonaroja.com.mx\/index.php?rest_route=\/wp\/v2\/types\/post"}],"author":[{"embeddable":true,"href":"https:\/\/zonaroja.com.mx\/index.php?rest_route=\/wp\/v2\/users\/2"}],"replies":[{"embeddable":true,"href":"https:\/\/zonaroja.com.mx\/index.php?rest_route=%2Fwp%2Fv2%2Fcomments&post=83549"}],"version-history":[{"count":1,"href":"https:\/\/zonaroja.com.mx\/index.php?rest_route=\/wp\/v2\/posts\/83549\/revisions"}],"predecessor-version":[{"id":83551,"href":"https:\/\/zonaroja.com.mx\/index.php?rest_route=\/wp\/v2\/posts\/83549\/revisions\/83551"}],"wp:featuredmedia":[{"embeddable":true,"href":"https:\/\/zonaroja.com.mx\/index.php?rest_route=\/wp\/v2\/media\/83550"}],"wp:attachment":[{"href":"https:\/\/zonaroja.com.mx\/index.php?rest_route=%2Fwp%2Fv2%2Fmedia&parent=83549"}],"wp:term":[{"taxonomy":"category","embeddable":true,"href":"https:\/\/zonaroja.com.mx\/index.php?rest_route=%2Fwp%2Fv2%2Fcategories&post=83549"},{"taxonomy":"post_tag","embeddable":true,"href":"https:\/\/zonaroja.com.mx\/index.php?rest_route=%2Fwp%2Fv2%2Ftags&post=83549"}],"curies":[{"name":"wp","href":"https:\/\/api.w.org\/{rel}","templated":true}]}}