{"id":83554,"date":"2025-08-15T16:11:00","date_gmt":"2025-08-15T22:11:00","guid":{"rendered":"https:\/\/zonaroja.com.mx\/?p=83554"},"modified":"2025-08-15T08:17:02","modified_gmt":"2025-08-15T14:17:02","slug":"sigue-abierta-la-convocatoria-para-elegir-a-america-2025-en-oaxaca-capital","status":"publish","type":"post","link":"https:\/\/zonaroja.com.mx\/?p=83554","title":{"rendered":"Sigue abierta la convocatoria para elegir a \u201cAm\u00e9rica\u201d 2025 en Oaxaca capital"},"content":{"rendered":"\n<p>Redacci\u00f3n\/Zona Roja.<\/p>\n\n\n\n<p>Oaxaca, Oax., a 15 de agosto de 2025.- Con el prop\u00f3sito de enaltecer las tradiciones c\u00edvicas y fomentar la participaci\u00f3n de la juventud, el ayuntamiento de Oaxaca de Ju\u00e1rez, a trav\u00e9s de la Secretar\u00eda Municipal, mantiene abierta la convocatoria para las j\u00f3venes originarias y vecinas del municipio a participar en la elecci\u00f3n de la \u201cAm\u00e9rica\u201d 2025 y en la integraci\u00f3n del coro que entonar\u00e1 el Himno Nacional Mexicano y cantos patrios durante las principales ceremonias del mes de septiembre.<\/p>\n\n\n\n<p>Podr\u00e1n participar mujeres de 18 a 30 a\u00f1os con talento para el canto y la disposici\u00f3n de asistir a los actos c\u00edvicos y eventos donde su voz y presencia sean protagonistas, desde la noche del Grito de Independencia hasta las celebraciones del 16 de septiembre, as\u00ed como en actividades c\u00edvicas durante todo el a\u00f1o.<\/p>\n\n\n\n<p>Las inscripciones estar\u00e1n abiertas hasta el 28 de agosto de 2025 en la Secretar\u00eda Municipal, interior del Palacio Municipal, de lunes a viernes de 9:00 a 17:00 horas.<\/p>\n\n\n\n<p>La ganadora recibir\u00e1 el t\u00edtulo de Am\u00e9rica 2025 y un reconocimiento de 15 mil pesos, mientras que las integrantes del coro tambi\u00e9n obtendr\u00e1n un est\u00edmulo econ\u00f3mico y el honor de representar a Oaxaca de Ju\u00e1rez en sus actos m\u00e1s solemnes.<\/p>\n\n\n\n<p>Con esta convocatoria, el municipio reafirma su compromiso por preservar las tradiciones y fortalecer la participaci\u00f3n de la juventud en las celebraciones que enorgullecen a la capital oaxaque\u00f1a.<\/p>\n","protected":false},"excerpt":{"rendered":"<p>Redacci\u00f3n\/Zona Roja. Oaxaca, Oax., a 15 de agosto de 2025.- Con el prop\u00f3sito de enaltecer&hellip;<\/p>\n","protected":false},"author":2,"featured_media":83555,"comment_status":"closed","ping_status":"open","sticky":false,"template":"","format":"standard","meta":{"_lmt_disableupdate":"","_lmt_disable":"","_jetpack_memberships_contains_paid_content":false,"footnotes":""},"categories":[109,46],"tags":[148],"class_list":["post-83554","post","type-post","status-publish","format-standard","has-post-thumbnail","hentry","category-minuto-a-minuto","category-zona-blanca","tag-oaxaca-de-juarez"],"jetpack_featured_media_url":"https:\/\/zonaroja.com.mx\/wp-content\/uploads\/2025\/08\/zocalo-fiestas-patrias-ciudad-de-Oaxaca.webp","jetpack_sharing_enabled":true,"_links":{"self":[{"href":"https:\/\/zonaroja.com.mx\/index.php?rest_route=\/wp\/v2\/posts\/83554","targetHints":{"allow":["GET"]}}],"collection":[{"href":"https:\/\/zonaroja.com.mx\/index.php?rest_route=\/wp\/v2\/posts"}],"about":[{"href":"https:\/\/zonaroja.com.mx\/index.php?rest_route=\/wp\/v2\/types\/post"}],"author":[{"embeddable":true,"href":"https:\/\/zonaroja.com.mx\/index.php?rest_route=\/wp\/v2\/users\/2"}],"replies":[{"embeddable":true,"href":"https:\/\/zonaroja.com.mx\/index.php?rest_route=%2Fwp%2Fv2%2Fcomments&post=83554"}],"version-history":[{"count":1,"href":"https:\/\/zonaroja.com.mx\/index.php?rest_route=\/wp\/v2\/posts\/83554\/revisions"}],"predecessor-version":[{"id":83556,"href":"https:\/\/zonaroja.com.mx\/index.php?rest_route=\/wp\/v2\/posts\/83554\/revisions\/83556"}],"wp:featuredmedia":[{"embeddable":true,"href":"https:\/\/zonaroja.com.mx\/index.php?rest_route=\/wp\/v2\/media\/83555"}],"wp:attachment":[{"href":"https:\/\/zonaroja.com.mx\/index.php?rest_route=%2Fwp%2Fv2%2Fmedia&parent=83554"}],"wp:term":[{"taxonomy":"category","embeddable":true,"href":"https:\/\/zonaroja.com.mx\/index.php?rest_route=%2Fwp%2Fv2%2Fcategories&post=83554"},{"taxonomy":"post_tag","embeddable":true,"href":"https:\/\/zonaroja.com.mx\/index.php?rest_route=%2Fwp%2Fv2%2Ftags&post=83554"}],"curies":[{"name":"wp","href":"https:\/\/api.w.org\/{rel}","templated":true}]}}