{"id":83563,"date":"2025-08-16T08:00:00","date_gmt":"2025-08-16T14:00:00","guid":{"rendered":"https:\/\/zonaroja.com.mx\/?p=83563"},"modified":"2025-08-16T07:10:55","modified_gmt":"2025-08-16T13:10:55","slug":"mexico-se-compromete-a-fortalecer-seguridad-y-cooperacion-con-guatemala","status":"publish","type":"post","link":"https:\/\/zonaroja.com.mx\/?p=83563","title":{"rendered":"M\u00e9xico se compromete a fortalecer seguridad y cooperaci\u00f3n con Guatemala"},"content":{"rendered":"\n<p>Redacci\u00f3n\/Zona Roja Cdmx.<\/p>\n\n\n\n<p>Ciudad de M\u00e9xico, a 16 de agosto de 2025.- La presidenta de M\u00e9xico, Claudia Sheinbaum, se comprometi\u00f3 este viernes a fortalecer la seguridad fronteriza y la cooperaci\u00f3n con Guatemala, en una reuni\u00f3n con su par guatemalteco, Bernardo Ar\u00e9valo.<\/p>\n\n\n\n<p>Esta primera cita entre ambos mandatarios, en una isla guatemalteca pr\u00f3xima a la frontera com\u00fan, tuvo lugar dos meses despu\u00e9s de una incursi\u00f3n de polic\u00edas mexicanos en territorio guatemalteco en persecuci\u00f3n de supuestos narcos, que provoc\u00f3 una protesta de Guatemala y un pedido de disculpa de M\u00e9xico.<\/p>\n\n\n\n<p>\u00abEn esta visita reafirmamos compromisos concretos en seguridad\u00bb, infraestructura ferroviaria, energ\u00eda, medio ambiente y cooperaci\u00f3n para el desarrollo, dijo Sheinbaum en rueda de prensa conjunta con Ar\u00e9valo.<\/p>\n\n\n\n<p>La reuni\u00f3n se desarroll\u00f3 en la isla de Flores, en el lago Pet\u00e9n Itz\u00e1 de la regi\u00f3n guatemalteca de Pet\u00e9n, fronteriza con M\u00e9xico y Belice, un manto de agua dulce d\u00f3nde los antiguos mayas establecieron un gran asentamiento.<\/p>\n\n\n\n<p>La presidenta afirm\u00f3 que la seguridad ser\u00e1 fundamental \u00abpara que nuestras fronteras sean espacios de paz donde se proteja a las personas y se combate el crimen que atenta contra su bienestar\u00bb.<\/p>\n\n\n\n<p>\u00abM\u00e9xico y Guatemala no solo comparten una frontera, compartimos familias, costumbres, mercados, caminos, r\u00edos y sue\u00f1os. Lo que ocurre de un lado repercute en el otro y por eso nuestra cooperaci\u00f3n no es una opci\u00f3n, sino un deber fraterno\u00bb, asegur\u00f3.<\/p>\n\n\n\n<p>Sheinbaum insisti\u00f3 en trabajar en el Corredor Interoce\u00e1nico del Istmo de Tehuantepec (CIIT), que promete complementar al Canal de Panam\u00e1.<\/p>\n\n\n\n<figure class=\"wp-block-embed is-type-rich is-provider-twitter wp-block-embed-twitter\"><div class=\"wp-block-embed__wrapper\">\n<div class=\"twitter-tweet\"><blockquote class=\"twitter-tweet\" data-lang=\"es\"><p lang=\"es\" dir=\"ltr\">La Presidenta de M\u00e9xico, <a href=\"https:\/\/twitter.com\/Claudiashein?ref_src=twsrc%5Etfw\">@Claudiashein<\/a>, se encuentra en <a href=\"https:\/\/twitter.com\/hashtag\/Guatemala?src=hash&amp;ref_src=twsrc%5Etfw\">#Guatemala<\/a> y se re\u00fane con su hom\u00f3logo <a href=\"https:\/\/twitter.com\/BArevalodeLeon?ref_src=twsrc%5Etfw\">@BArevalodeLeon<\/a>, para revisar diversos temas de la agenda com\u00fan. <a href=\"https:\/\/t.co\/hFTViivAk1\">pic.twitter.com\/hFTViivAk1<\/a><\/p>&mdash; Zona Roja Oaxaca (@ZonaRoja_Oaxaca) <a href=\"https:\/\/twitter.com\/ZonaRoja_Oaxaca\/status\/1956428790579499392?ref_src=twsrc%5Etfw\">15 de agosto de 2025<\/a><\/blockquote><\/div>\n<\/div><\/figure>\n\n\n\n<p>Ar\u00e9valo, por su parte, indic\u00f3 que el pa\u00eds est\u00e1 listo para sumarse a \u00abla interconexi\u00f3n ferroviaria entre ambos pa\u00edses\u00bb.<\/p>\n\n\n\n<p>El mandatario tambi\u00e9n se congratul\u00f3 por la interconexi\u00f3n energ\u00e9tica entre ambos pa\u00edses, que ha \u00abpermitido que miles de familias guatemaltecas en \u00e1reas de dif\u00edcil acceso puedan obtener energ\u00eda el\u00e9ctrica\u00bb.<\/p>\n\n\n\n<p>Ar\u00e9valo tambi\u00e9n destac\u00f3 la reactivaci\u00f3n del grupo de alto nivel de seguridad, integrado por los ministros de Relaciones Exteriores, Defensa y Gobernaci\u00f3n (Interior) de ambos pa\u00edses, tras la incursi\u00f3n de los polic\u00edas mexicanos, que termin\u00f3 con cuatro presuntos criminales muertos.<\/p>\n\n\n\n<p>Adem\u00e1s, los gobernantes reiteraron en su reuni\u00f3n el \u00abcompromiso inequ\u00edvoco con el combate al narcotr\u00e1fico y a otras formas de delincuencia organizada\u00bb, seg\u00fan Ar\u00e9valo.<\/p>\n\n\n\n<p>En julio de 2024, casi 600 mexicanos huyeron hacia Guatemala a causa de la violencia del crimen organizado, pero volvieron a su pa\u00eds unos meses despu\u00e9s.<\/p>\n\n\n\n<p>Sheinbaum y Ar\u00e9valo, tras concluir la conferencia de prensa, se trasladar\u00e1n al sitio arqueol\u00f3gico Calakmul, en Campeche, sureste de M\u00e9xico, para reunirse con el primer ministro de Belice, John Brice\u00f1o.<\/p>\n\n\n\n<p>Los tres mandatarios abordar\u00e1n \u00abun proyecto ambiental\u00bb denominado \u00abLa Gran Selva Maya\u00bb que busca preservarla y protegerla, as\u00ed como la construcci\u00f3n del llamado Tren Maya, que busca unir M\u00e9xico, Guatemala y Belice, indic\u00f3 Ar\u00e9valo.<\/p>\n\n\n\n<p>(Informaci\u00f3n de la agencia AFP en \u201cEl Economista\u201d)<\/p>\n","protected":false},"excerpt":{"rendered":"<p>Redacci\u00f3n\/Zona Roja Cdmx. Ciudad de M\u00e9xico, a 16 de agosto de 2025.- La presidenta de&hellip;<\/p>\n","protected":false},"author":2,"featured_media":83570,"comment_status":"closed","ping_status":"open","sticky":false,"template":"","format":"standard","meta":{"_lmt_disableupdate":"","_lmt_disable":"","_jetpack_memberships_contains_paid_content":false,"footnotes":""},"categories":[109,46],"tags":[3370],"class_list":["post-83563","post","type-post","status-publish","format-standard","has-post-thumbnail","hentry","category-minuto-a-minuto","category-zona-blanca","tag-claudia-sheinbaum"],"jetpack_featured_media_url":"https:\/\/zonaroja.com.mx\/wp-content\/uploads\/2025\/08\/Claudia-Sheinabum-y-Arevalo-Guatemala.jpeg","jetpack_sharing_enabled":true,"_links":{"self":[{"href":"https:\/\/zonaroja.com.mx\/index.php?rest_route=\/wp\/v2\/posts\/83563","targetHints":{"allow":["GET"]}}],"collection":[{"href":"https:\/\/zonaroja.com.mx\/index.php?rest_route=\/wp\/v2\/posts"}],"about":[{"href":"https:\/\/zonaroja.com.mx\/index.php?rest_route=\/wp\/v2\/types\/post"}],"author":[{"embeddable":true,"href":"https:\/\/zonaroja.com.mx\/index.php?rest_route=\/wp\/v2\/users\/2"}],"replies":[{"embeddable":true,"href":"https:\/\/zonaroja.com.mx\/index.php?rest_route=%2Fwp%2Fv2%2Fcomments&post=83563"}],"version-history":[{"count":1,"href":"https:\/\/zonaroja.com.mx\/index.php?rest_route=\/wp\/v2\/posts\/83563\/revisions"}],"predecessor-version":[{"id":83571,"href":"https:\/\/zonaroja.com.mx\/index.php?rest_route=\/wp\/v2\/posts\/83563\/revisions\/83571"}],"wp:featuredmedia":[{"embeddable":true,"href":"https:\/\/zonaroja.com.mx\/index.php?rest_route=\/wp\/v2\/media\/83570"}],"wp:attachment":[{"href":"https:\/\/zonaroja.com.mx\/index.php?rest_route=%2Fwp%2Fv2%2Fmedia&parent=83563"}],"wp:term":[{"taxonomy":"category","embeddable":true,"href":"https:\/\/zonaroja.com.mx\/index.php?rest_route=%2Fwp%2Fv2%2Fcategories&post=83563"},{"taxonomy":"post_tag","embeddable":true,"href":"https:\/\/zonaroja.com.mx\/index.php?rest_route=%2Fwp%2Fv2%2Ftags&post=83563"}],"curies":[{"name":"wp","href":"https:\/\/api.w.org\/{rel}","templated":true}]}}