{"id":83572,"date":"2025-08-16T08:45:00","date_gmt":"2025-08-16T14:45:00","guid":{"rendered":"https:\/\/zonaroja.com.mx\/?p=83572"},"modified":"2025-08-16T07:27:12","modified_gmt":"2025-08-16T13:27:12","slug":"atacan-con-arma-blanca-a-fotografo-en-tuxtepec-y-muere-rumbo-al-hospital","status":"publish","type":"post","link":"https:\/\/zonaroja.com.mx\/?p=83572","title":{"rendered":"Atacan con arma blanca a fot\u00f3grafo en Tuxtepec y muere rumbo al hospital"},"content":{"rendered":"\n<p>Raymundo Morales\/Zona Roja.<\/p>\n\n\n\n<p>Oaxaca, Oax., a 16 de agosto de 2025.- Un fot\u00f3grafo identificado como Gautier S. E., fue atacado con arma blanca anoche en el municipio de San Juan Bautista Tuxtepec pero muri\u00f3 en su veh\u00edculo cuando acud\u00eda a un hospital a recibir ayuda.<\/p>\n\n\n\n<p>La agresi\u00f3n armada ocurri\u00f3 en inmediaciones de la avenida V\u00edctor Bravo Ahuja en que, presuntamente por un asalto, fue agredida la v\u00edctima con una lesi\u00f3n en la pierna izquierda.<\/p>\n\n\n\n<p>El fot\u00f3grafo abord\u00f3 su unidad de motor e intent\u00f3 por sus medios llegar a un hospital, sin embargo, debido a la gravedad de las lesiones, choc\u00f3 su veh\u00edculo con una barda del Instituto Tecnol\u00f3gico de Tuxtepec.<\/p>\n\n\n\n<p>Param\u00e9dicos arribaron a la zona para brindarle los primeros auxilios, pero corroboraron que ya no contaba con signos vitales.<\/p>\n\n\n\n<p>Personal de la Vicefiscal\u00eda Regional de la Cuenca arribaron al sitio para iniciar las indagatorias correspondientes.<\/p>\n\n\n\n<p>De acuerdo con los habitantes de San Juan Bautista Tuxtepec, en el gobierno de Fernando Huerta Cerecedo, surgido del Partido del Trabajo, los delitos se han incrementado, sin que haya atenci\u00f3n a la inseguridad por parte del ayuntamiento.<\/p>\n","protected":false},"excerpt":{"rendered":"<p>Raymundo Morales\/Zona Roja. Oaxaca, Oax., a 16 de agosto de 2025.- Un fot\u00f3grafo identificado como&hellip;<\/p>\n","protected":false},"author":2,"featured_media":83573,"comment_status":"closed","ping_status":"open","sticky":false,"template":"","format":"standard","meta":{"_lmt_disableupdate":"","_lmt_disable":"","_jetpack_memberships_contains_paid_content":false,"footnotes":""},"categories":[109,51],"tags":[118],"class_list":["post-83572","post","type-post","status-publish","format-standard","has-post-thumbnail","hentry","category-minuto-a-minuto","category-zona-roja","tag-san-juan-bautista-tuxtepec"],"jetpack_featured_media_url":"https:\/\/zonaroja.com.mx\/wp-content\/uploads\/2025\/08\/Fotograo-Gautier-Saenz.jpeg","jetpack_sharing_enabled":true,"_links":{"self":[{"href":"https:\/\/zonaroja.com.mx\/index.php?rest_route=\/wp\/v2\/posts\/83572","targetHints":{"allow":["GET"]}}],"collection":[{"href":"https:\/\/zonaroja.com.mx\/index.php?rest_route=\/wp\/v2\/posts"}],"about":[{"href":"https:\/\/zonaroja.com.mx\/index.php?rest_route=\/wp\/v2\/types\/post"}],"author":[{"embeddable":true,"href":"https:\/\/zonaroja.com.mx\/index.php?rest_route=\/wp\/v2\/users\/2"}],"replies":[{"embeddable":true,"href":"https:\/\/zonaroja.com.mx\/index.php?rest_route=%2Fwp%2Fv2%2Fcomments&post=83572"}],"version-history":[{"count":1,"href":"https:\/\/zonaroja.com.mx\/index.php?rest_route=\/wp\/v2\/posts\/83572\/revisions"}],"predecessor-version":[{"id":83574,"href":"https:\/\/zonaroja.com.mx\/index.php?rest_route=\/wp\/v2\/posts\/83572\/revisions\/83574"}],"wp:featuredmedia":[{"embeddable":true,"href":"https:\/\/zonaroja.com.mx\/index.php?rest_route=\/wp\/v2\/media\/83573"}],"wp:attachment":[{"href":"https:\/\/zonaroja.com.mx\/index.php?rest_route=%2Fwp%2Fv2%2Fmedia&parent=83572"}],"wp:term":[{"taxonomy":"category","embeddable":true,"href":"https:\/\/zonaroja.com.mx\/index.php?rest_route=%2Fwp%2Fv2%2Fcategories&post=83572"},{"taxonomy":"post_tag","embeddable":true,"href":"https:\/\/zonaroja.com.mx\/index.php?rest_route=%2Fwp%2Fv2%2Ftags&post=83572"}],"curies":[{"name":"wp","href":"https:\/\/api.w.org\/{rel}","templated":true}]}}