{"id":83582,"date":"2025-08-16T13:00:00","date_gmt":"2025-08-16T19:00:00","guid":{"rendered":"https:\/\/zonaroja.com.mx\/?p=83582"},"modified":"2025-08-16T07:55:59","modified_gmt":"2025-08-16T13:55:59","slug":"entregan-galardones-a-escritora-y-a-artesana-de-oaxaca","status":"publish","type":"post","link":"https:\/\/zonaroja.com.mx\/?p=83582","title":{"rendered":"Entregan galardones a escritora y a artesana de Oaxaca"},"content":{"rendered":"\n<p>Lisbeth Mej\u00eda Reyes\/Zona Roja.<\/p>\n\n\n\n<p>Oaxaca, Oax., a 16 de agosto de 2025.- La artesana Francisca Palafox Herr\u00e1n y la escritora Andrea G\u00f3mez, ambos de Oaxaca, fueron galardonadas este jueves por la Secretar\u00eda de Cultura federal, que reconoci\u00f3 sus trabajos en el arte textil y la literatura en lenguas ind\u00edgenas, respectivamente, en dos ceremonias por aparte.&nbsp;<\/p>\n\n\n\n<p>En el Palacio de Bellas Artes, Ciudad de M\u00e9xico, la artesana Francisca Palafox Herr\u00e1n, de San Mateo del Mar, recibi\u00f3 el Galard\u00f3n Nacional del XII Concurso Nacional Grandes Maestras y Maestros Artesanos del Patrimonio Artesanal de M\u00e9xico 2025, por su huipil de tres lienzos de algod\u00f3n y seda, tejido en telar de cintura.<\/p>\n\n\n\n<p>En Tlaxcala, la escritora zapoteca Andrea G\u00f3mez recibi\u00f3 el primer Premio Bellas Artes de Literatura en Lenguas Ind\u00edgenas 2025, promovido por la Secretar\u00eda de Cultura, a trav\u00e9s del Instituto Nacional de Bellas Artes y Literatura (INBAL).<\/p>\n\n\n\n<p>Del primer caso, la dependencia federal inform\u00f3 que junto a Palafox tambi\u00e9n se reconoci\u00f3 a 22 maestras y maestros artesanos de distintos estados del pa\u00eds. Las obras de estos artesanos estar\u00e1n en exhibici\u00f3n en la Sala Internacional del Museo del Palacio de Bellas Artes hasta el 5 de octubre de 2025.<\/p>\n\n\n\n<p>\u201cAhora que estoy cumpliendo 48 a\u00f1os de dedicarle todo mi tiempo a este trabajo, ya lo veo como un pasatiempo, un gusto que ya no puedo dejar (&#8230;) hasta donde Dios me d\u00e9 vista y la mente lo voy a seguir haciendo\u201d, coment\u00f3 la a artesana, quien tambi\u00e9n fue reconocida en 2021 con el premio Bicentenario del mismo certamen y en el 2009 por el Museo Textil de Oaxaca, por su talento, habilidad y compromiso en la preservaci\u00f3n del arte textil de San Mateo del Mar.<\/p>\n\n\n\n<p>En este premio convocado a trav\u00e9s del Fondo Nacional para el Fomento de las Artesan\u00edas (Fonart) y con el apoyo de Fomento Cultural Banamex, participaron 157 obras elaboradas por 83 mujeres y 74 hombres de 15 pueblos originarios.&nbsp;<\/p>\n\n\n\n<p>En el Teatro Xicoht\u00e9ncatl, en Tlaxcala, fue premiada la escritora zapoteca Andrea Lorenzo G\u00f3mez, con el \u00fanico alard\u00f3n del certamen por su obra \u00abXaga Tlhaz\u00bb (\u00abMejillas de durazno\u00bb), en la que re\u00fane \u00abcuentos inspirados en las historias y ense\u00f1anzas transmitidas en su comunidad de San Andr\u00e9s Ya\u00e1\u00bb, de la Sierra de Ju\u00e1rez (antes Norte).&nbsp;<\/p>\n\n\n\n<p>G\u00f3mez dio su mensaje en zapoteco y en espa\u00f1ol para agradecer este primer premio y coment\u00f3 que su libro de cuentos naci\u00f3 de las historias que sol\u00eda escuchar en su pueblo, tambi\u00e9n de la convivencia con su abuela y de la sensibilidad de su madre para \u00ableer la naturaleza humana\u00bb. Pero tambi\u00e9n de las historias que le contaba su padre, un maestro rural.<\/p>\n\n\n\n<p>\u00abYo soy la mezcla de ellas, de las historias que nos toca escribir y contar. Mi \u00fanico deseo al final es: larga vida a las lenguas ind\u00edgenas, a nuestras palabras\u201d.<\/p>\n","protected":false},"excerpt":{"rendered":"<p>Lisbeth Mej\u00eda Reyes\/Zona Roja. Oaxaca, Oax., a 16 de agosto de 2025.- La artesana Francisca&hellip;<\/p>\n","protected":false},"author":2,"featured_media":83585,"comment_status":"closed","ping_status":"open","sticky":false,"template":"","format":"standard","meta":{"_lmt_disableupdate":"","_lmt_disable":"","_jetpack_memberships_contains_paid_content":false,"footnotes":""},"categories":[109,46],"tags":[4374,4408],"class_list":["post-83582","post","type-post","status-publish","format-standard","has-post-thumbnail","hentry","category-minuto-a-minuto","category-zona-blanca","tag-andrea-gomez-escritora","tag-francisca-palafox-herran"],"jetpack_featured_media_url":"https:\/\/zonaroja.com.mx\/wp-content\/uploads\/2025\/08\/Galardonadas-Oaxaca-gobierno-federal.jpg","jetpack_sharing_enabled":true,"_links":{"self":[{"href":"https:\/\/zonaroja.com.mx\/index.php?rest_route=\/wp\/v2\/posts\/83582","targetHints":{"allow":["GET"]}}],"collection":[{"href":"https:\/\/zonaroja.com.mx\/index.php?rest_route=\/wp\/v2\/posts"}],"about":[{"href":"https:\/\/zonaroja.com.mx\/index.php?rest_route=\/wp\/v2\/types\/post"}],"author":[{"embeddable":true,"href":"https:\/\/zonaroja.com.mx\/index.php?rest_route=\/wp\/v2\/users\/2"}],"replies":[{"embeddable":true,"href":"https:\/\/zonaroja.com.mx\/index.php?rest_route=%2Fwp%2Fv2%2Fcomments&post=83582"}],"version-history":[{"count":1,"href":"https:\/\/zonaroja.com.mx\/index.php?rest_route=\/wp\/v2\/posts\/83582\/revisions"}],"predecessor-version":[{"id":83586,"href":"https:\/\/zonaroja.com.mx\/index.php?rest_route=\/wp\/v2\/posts\/83582\/revisions\/83586"}],"wp:featuredmedia":[{"embeddable":true,"href":"https:\/\/zonaroja.com.mx\/index.php?rest_route=\/wp\/v2\/media\/83585"}],"wp:attachment":[{"href":"https:\/\/zonaroja.com.mx\/index.php?rest_route=%2Fwp%2Fv2%2Fmedia&parent=83582"}],"wp:term":[{"taxonomy":"category","embeddable":true,"href":"https:\/\/zonaroja.com.mx\/index.php?rest_route=%2Fwp%2Fv2%2Fcategories&post=83582"},{"taxonomy":"post_tag","embeddable":true,"href":"https:\/\/zonaroja.com.mx\/index.php?rest_route=%2Fwp%2Fv2%2Ftags&post=83582"}],"curies":[{"name":"wp","href":"https:\/\/api.w.org\/{rel}","templated":true}]}}