{"id":83587,"date":"2025-08-16T14:00:00","date_gmt":"2025-08-16T20:00:00","guid":{"rendered":"https:\/\/zonaroja.com.mx\/?p=83587"},"modified":"2025-08-16T07:57:08","modified_gmt":"2025-08-16T13:57:08","slug":"congreso-de-oaxaca-incorpora-la-diversidad-linguistica-en-sus-leyes","status":"publish","type":"post","link":"https:\/\/zonaroja.com.mx\/?p=83587","title":{"rendered":"Congreso de Oaxaca incorpora la diversidad ling\u00fc\u00edstica en sus leyes"},"content":{"rendered":"\n<p>Redacci\u00f3n\/Zona Roja.<\/p>\n\n\n\n<p>Oaxaca, Oax., a 14 de agosto de 2025.- Con el prop\u00f3sito de incorporar como principio rector la diversidad ling\u00fc\u00edstica y establecer la responsabilidad institucional de visibilizaci\u00f3n y difusi\u00f3n multiling\u00fce de contenidos legislativos, el parlamento aprob\u00f3 con 34 votos la reforma al art\u00edculo 2 y adici\u00f3n de un tercer p\u00e1rrafo al art\u00edculo 113 de la Ley Org\u00e1nica del Congreso del Estado, as\u00ed como la reforma al primer p\u00e1rrafo del art\u00edculo 2 y el segundo p\u00e1rrafo del art\u00edculo 82 de su Reglamento Interior.<\/p>\n\n\n\n<p>Dicha reforma constituye no solo la actualizaci\u00f3n normativa congruente con el marco legal en materia de derechos ling\u00fc\u00edsticos, sino tambi\u00e9n, es una oportunidad estrat\u00e9gica de innovaci\u00f3n institucional que proyecta al Congreso en el fortalecimiento de la inclusi\u00f3n activa y la pluralidad cultural del quehacer parlamentario.<\/p>\n\n\n\n<p>Al respecto, el presidente de la Junta de Coordinaci\u00f3n Pol\u00edtica (Jucopo), diputado Benjam\u00edn Viveros Montalvo, promovente de la Iniciativa de Ley, mencion\u00f3 que con estas reformas se visibilizar\u00e1n las 15 lenguas originarias y al menos 174 variantes documentadas, adem\u00e1s, se reforzar\u00e1 el v\u00ednculo entre el Poder Legislativo y la ciudadan\u00eda hablante de estas lenguas, creando mecanismos reales de interlocuci\u00f3n institucional.<\/p>\n\n\n\n<p>De acuerdo con el dictamen emitido por la Comisi\u00f3n Permanente de R\u00e9gimen, Reglamentos y Pr\u00e1cticas Parlamentarias queda establecido que \u201cel Congreso promover\u00e1 en la medida de sus capacidades t\u00e9cnicas e institucionales la difusi\u00f3n de contenidos informativos y legislativos para el uso y preservaci\u00f3n de las lenguas originarias del Estado\u201d.<\/p>\n\n\n\n<p>Tambi\u00e9n destaca que la reforma permitir\u00e1 fortalecer la legitimidad institucional del Congreso de Oaxaca como Casa del Pueblo Pluriling\u00fce, reconociendo que la diversidad ling\u00fc\u00edstica es parte esencial de la representaci\u00f3n democr\u00e1tica, el acceso a la informaci\u00f3n y la construcci\u00f3n de ciudadan\u00eda.<\/p>\n\n\n\n<p>Aunado al valor institucional estrat\u00e9gico que implica al establecer contenidos normativos que el propio Poder Legislativo podr\u00e1 replicar en el dise\u00f1o de marcos municipales, iniciativas de armonizaci\u00f3n, convenios interinstitucionales y reformas org\u00e1nicas, generando sinergias que posicionan a Oaxaca como referente nacional en materia de gobernanza ling\u00fc\u00edstica.<\/p>\n\n\n\n<p>Al hacer el an\u00e1lisis del Proyecto de Decreto, el \u00f3rgano legislativo competente destac\u00f3 que se reafirma el principio de igualdad sustantiva, toda vez que visibilizar las lenguas originarias en el proceso legislativo contribuye a desmontar formas estructurales de exclusi\u00f3n, reconociendo la pluralidad ling\u00fc\u00edstica como condici\u00f3n de igualdad pol\u00edtica.<\/p>\n","protected":false},"excerpt":{"rendered":"<p>Redacci\u00f3n\/Zona Roja. Oaxaca, Oax., a 14 de agosto de 2025.- Con el prop\u00f3sito de incorporar&hellip;<\/p>\n","protected":false},"author":2,"featured_media":83566,"comment_status":"closed","ping_status":"open","sticky":false,"template":"","format":"standard","meta":{"_lmt_disableupdate":"","_lmt_disable":"","_jetpack_memberships_contains_paid_content":false,"footnotes":""},"categories":[109,46],"tags":[303],"class_list":["post-83587","post","type-post","status-publish","format-standard","has-post-thumbnail","hentry","category-minuto-a-minuto","category-zona-blanca","tag-congreso-del-estado-de-oaxaca"],"jetpack_featured_media_url":"https:\/\/zonaroja.com.mx\/wp-content\/uploads\/2025\/08\/Dip-Benjamin-Viveros-Montalvo.jpeg","jetpack_sharing_enabled":true,"_links":{"self":[{"href":"https:\/\/zonaroja.com.mx\/index.php?rest_route=\/wp\/v2\/posts\/83587","targetHints":{"allow":["GET"]}}],"collection":[{"href":"https:\/\/zonaroja.com.mx\/index.php?rest_route=\/wp\/v2\/posts"}],"about":[{"href":"https:\/\/zonaroja.com.mx\/index.php?rest_route=\/wp\/v2\/types\/post"}],"author":[{"embeddable":true,"href":"https:\/\/zonaroja.com.mx\/index.php?rest_route=\/wp\/v2\/users\/2"}],"replies":[{"embeddable":true,"href":"https:\/\/zonaroja.com.mx\/index.php?rest_route=%2Fwp%2Fv2%2Fcomments&post=83587"}],"version-history":[{"count":1,"href":"https:\/\/zonaroja.com.mx\/index.php?rest_route=\/wp\/v2\/posts\/83587\/revisions"}],"predecessor-version":[{"id":83588,"href":"https:\/\/zonaroja.com.mx\/index.php?rest_route=\/wp\/v2\/posts\/83587\/revisions\/83588"}],"wp:featuredmedia":[{"embeddable":true,"href":"https:\/\/zonaroja.com.mx\/index.php?rest_route=\/wp\/v2\/media\/83566"}],"wp:attachment":[{"href":"https:\/\/zonaroja.com.mx\/index.php?rest_route=%2Fwp%2Fv2%2Fmedia&parent=83587"}],"wp:term":[{"taxonomy":"category","embeddable":true,"href":"https:\/\/zonaroja.com.mx\/index.php?rest_route=%2Fwp%2Fv2%2Fcategories&post=83587"},{"taxonomy":"post_tag","embeddable":true,"href":"https:\/\/zonaroja.com.mx\/index.php?rest_route=%2Fwp%2Fv2%2Ftags&post=83587"}],"curies":[{"name":"wp","href":"https:\/\/api.w.org\/{rel}","templated":true}]}}