{"id":83589,"date":"2025-08-16T14:58:00","date_gmt":"2025-08-16T20:58:00","guid":{"rendered":"https:\/\/zonaroja.com.mx\/?p=83589"},"modified":"2025-08-16T08:00:40","modified_gmt":"2025-08-16T14:00:40","slug":"realiza-ayuntamiento-bacheo-en-la-avenida-tecnologico-de-oaxaca","status":"publish","type":"post","link":"https:\/\/zonaroja.com.mx\/?p=83589","title":{"rendered":"Realiza ayuntamiento bacheo en la avenida Tecnol\u00f3gico de Oaxaca"},"content":{"rendered":"\n<p>Redacci\u00f3n\/Zona Roja.<\/p>\n\n\n\n<p>Oaxaca, Oax., a 16 de agosto de 2025.- El gobierno municipal de Oaxaca de Ju\u00e1rez que preside Ray Chagoya,&nbsp;puso en marcha los trabajos de bacheo en la Avenida Tecnol\u00f3gico, como parte del programa \u201cTache al Bache\u201d, con el objetivo de garantizar vialidades m\u00e1s seguras, \u00e1giles y ordenadas para la ciudadan\u00eda.<\/p>\n\n\n\n<p>Con estas acciones, la administraci\u00f3n municipal avanza en el reencarpetamiento de m\u00e1s de 19 kil\u00f3metros de v\u00edas principales y m\u00e1s de mil 400 baches atendidos en diversos puntos de la ciudad. Estas labores se realizan de manera planificada para atender las zonas de mayor circulaci\u00f3n y contribuir a la seguridad de peatones, ciclistas y automovilistas.<\/p>\n\n\n\n<p>La intervenci\u00f3n en la avenida Tecnol\u00f3gico permitir\u00e1 mejorar la conectividad y reducir tiempos de traslado, beneficiando a miles de personas que diariamente utilizan esta importante arteria vial.<\/p>\n\n\n\n<p>El gobierno municipal refrenda su compromiso de seguir trabajando para transformar Oaxaca de Ju\u00e1rez, priorizando el mantenimiento de las vialidades y la calidad de vida de las y los habitantes.<\/p>\n\n\n\n<p>REFORESTACI\u00d3N&nbsp;<\/p>\n\n\n\n<p>En otra actividad y en esfuerzo conjunto por preservar el medio ambiente y reforzar la seguridad, el ayuntamiento de Oaxaca de Ju\u00e1rez llev\u00f3 a cabo una jornada de reforestaci\u00f3n en la zona de la antigua estaci\u00f3n del ferrocarril, con la participaci\u00f3n de la Polic\u00eda Municipal, el Grupo Urbano de Fuerzas Especiales (GUFE) y la Guardia Nacional.<\/p>\n\n\n\n<p>Esta acci\u00f3n forma parte del compromiso del presidente municipal, Ray Chagoya, de impulsar iniciativas que fortalezcan el entorno urbano y fomenten el cuidado de los espacios p\u00fablicos, integrando labores de seguridad y limpieza en beneficio de la comunidad.<\/p>\n\n\n\n<p>Durante la jornada se plantaron \u00e1rboles en \u00e1reas estrat\u00e9gicas para revitalizar este punto hist\u00f3rico, prevenir el deterioro ambiental y contribuir a una ciudad m\u00e1s ordenada, verde y segura.&nbsp;<\/p>\n\n\n\n<p>La coordinaci\u00f3n entre corporaciones y ciudadan\u00eda reafirma que el trabajo en equipo es la base para transformar Oaxaca de Ju\u00e1rez en un lugar m\u00e1s habitable y con mejores condiciones para sus habitantes.<\/p>\n","protected":false},"excerpt":{"rendered":"<p>Redacci\u00f3n\/Zona Roja. Oaxaca, Oax., a 16 de agosto de 2025.- El gobierno municipal de Oaxaca&hellip;<\/p>\n","protected":false},"author":2,"featured_media":83590,"comment_status":"closed","ping_status":"open","sticky":false,"template":"","format":"standard","meta":{"_lmt_disableupdate":"","_lmt_disable":"","_jetpack_memberships_contains_paid_content":false,"footnotes":""},"categories":[109,46],"tags":[148,4403],"class_list":["post-83589","post","type-post","status-publish","format-standard","has-post-thumbnail","hentry","category-minuto-a-minuto","category-zona-blanca","tag-oaxaca-de-juarez","tag-ray-chagoya"],"jetpack_featured_media_url":"https:\/\/zonaroja.com.mx\/wp-content\/uploads\/2025\/08\/Pavimentacion-avenida-Tecnologico-Ray-Chagoya.jpeg","jetpack_sharing_enabled":true,"_links":{"self":[{"href":"https:\/\/zonaroja.com.mx\/index.php?rest_route=\/wp\/v2\/posts\/83589","targetHints":{"allow":["GET"]}}],"collection":[{"href":"https:\/\/zonaroja.com.mx\/index.php?rest_route=\/wp\/v2\/posts"}],"about":[{"href":"https:\/\/zonaroja.com.mx\/index.php?rest_route=\/wp\/v2\/types\/post"}],"author":[{"embeddable":true,"href":"https:\/\/zonaroja.com.mx\/index.php?rest_route=\/wp\/v2\/users\/2"}],"replies":[{"embeddable":true,"href":"https:\/\/zonaroja.com.mx\/index.php?rest_route=%2Fwp%2Fv2%2Fcomments&post=83589"}],"version-history":[{"count":1,"href":"https:\/\/zonaroja.com.mx\/index.php?rest_route=\/wp\/v2\/posts\/83589\/revisions"}],"predecessor-version":[{"id":83591,"href":"https:\/\/zonaroja.com.mx\/index.php?rest_route=\/wp\/v2\/posts\/83589\/revisions\/83591"}],"wp:featuredmedia":[{"embeddable":true,"href":"https:\/\/zonaroja.com.mx\/index.php?rest_route=\/wp\/v2\/media\/83590"}],"wp:attachment":[{"href":"https:\/\/zonaroja.com.mx\/index.php?rest_route=%2Fwp%2Fv2%2Fmedia&parent=83589"}],"wp:term":[{"taxonomy":"category","embeddable":true,"href":"https:\/\/zonaroja.com.mx\/index.php?rest_route=%2Fwp%2Fv2%2Fcategories&post=83589"},{"taxonomy":"post_tag","embeddable":true,"href":"https:\/\/zonaroja.com.mx\/index.php?rest_route=%2Fwp%2Fv2%2Ftags&post=83589"}],"curies":[{"name":"wp","href":"https:\/\/api.w.org\/{rel}","templated":true}]}}