{"id":83592,"date":"2025-08-16T19:25:58","date_gmt":"2025-08-17T01:25:58","guid":{"rendered":"https:\/\/zonaroja.com.mx\/?p=83592"},"modified":"2025-08-16T19:25:58","modified_gmt":"2025-08-17T01:25:58","slug":"impunes-normalistas-cierran-una-semana-de-protestas-y-afectaciones","status":"publish","type":"post","link":"https:\/\/zonaroja.com.mx\/?p=83592","title":{"rendered":"Impunes, normalistas cierran una semana de protestas y afectaciones"},"content":{"rendered":"\n<p>Redacci\u00f3n\/Zona Roja.<\/p>\n\n\n\n<p>Oaxaca, Oax., a 16 de agosto de 2025.- Con bloqueos de vialidades, toma de camiones del transporte p\u00fablico, quema de llantas y el cierre de una terminal de autobuses, estudiantes normalistas de Oaxaca mantuvieron cinco d\u00edas de protestas en la capital del estado para exigir a las autoridades estatales atenci\u00f3n a sus demandas por presuntas irregularidades en el examen de admisi\u00f3n.&nbsp;<\/p>\n\n\n\n<p>Sin embargo, tambi\u00e9n dejaron m\u00faltiples afectaciones a la sociedad, principalmente por el cierre de vialidades, sin que las autoridades estatales intervinieran.&nbsp;<\/p>\n\n\n\n<p>Provenientes de diversas escuelas adheridas a la Coordinadora Estudiantil Normalista del estado de Oaxaca (CENEO), este viernes ten\u00edan pactada finalmente una mesa de negociaci\u00f3n con el secretario de Gobierno, Jes\u00fas Romero L\u00f3pez, y el director del Instituto Estatal de Educaci\u00f3n P\u00fablica de Oaxaca (IEEPO), Emilio Montero L\u00f3pez.&nbsp;<\/p>\n\n\n\n<p>Pero en su lugar \u00fanicamente llegaron delegados de paz de la secretar\u00eda, lo que irrit\u00f3 a los manifestantes debido a la falta de seriedad y de respuestas concretas.&nbsp;<\/p>\n\n\n\n<p>Ante esto reactivaron anoche su protesta bloqueando la terminal de la empresa ADO, en el barrio de Jalatlaco.<\/p>\n\n\n\n<p>De acuerdo con los manifestantes, ha faltado seriedad de parte de las autoridades estatales, pues antes de esta mesa ya hab\u00edan acordado otra hace unos d\u00edas, pero que el gobierno cancel\u00f3 bajo el argumento de que el espacio era peque\u00f1o.<\/p>\n\n\n\n<p>Desde el pasado lunes, los normalistas comenzaron sus movilizaciones con un bloqueo en la carretera federal 190, a la altura del estadio de b\u00e9isbol.&nbsp;<\/p>\n\n\n\n<p>Esto debido a presuntas irregularidades en el examen de admisi\u00f3n a las escuelas normales que se aplic\u00f3 el 5 de julio y del que se\u00f1alaron que una de las m\u00e1s notorias fue el extrav\u00edo de 24 cuadernillos.<\/p>\n\n\n\n<p>La \u00faltima manifestaci\u00f3n en la terminal ADO, la calzada H\u00e9roes de Chapultepec y calles cercanas dur\u00f3 varias horas hasta la madrugada del s\u00e1bado.&nbsp;<\/p>\n\n\n\n<p>Pero hasta ahora se desconoce si se lleg\u00f3 a un acuerdo para su retiro y cu\u00e1l o cu\u00e1les fueron esos acuerdos.<\/p>\n\n\n\n<p>En la semana tambi\u00e9n se registraron otras movilizaciones en la capital oaxaque\u00f1a, como la del Sindicato \u00danico de Trabajadores del Telebachillerato Comunitario del Estado de Oaxaca, quienes el martes tambi\u00e9n bloquearon la calzada H\u00e9roes de Chapultepec, pero que a diferencia de los normalistas fueron desalojados por la polic\u00eda estatal.<\/p>\n\n\n\n<p>El Movimiento de Aspirantes Rechazados se manifest\u00f3 para exigir espacios en la Universidad Aut\u00f3noma \u201cBenito Ju\u00e1rez\u201d de Oaxaca.<\/p>\n\n\n\n<p>Tambi\u00e9n se manifestaron organizaciones sociales para exigir la libertad del defensor de desechos humanos Pablo L\u00f3pez Alavez, preso desde hace 15 a\u00f1os.<\/p>\n","protected":false},"excerpt":{"rendered":"<p>Redacci\u00f3n\/Zona Roja. Oaxaca, Oax., a 16 de agosto de 2025.- Con bloqueos de vialidades, toma&hellip;<\/p>\n","protected":false},"author":2,"featured_media":83584,"comment_status":"closed","ping_status":"open","sticky":false,"template":"","format":"standard","meta":{"_lmt_disableupdate":"","_lmt_disable":"","_jetpack_memberships_contains_paid_content":false,"footnotes":""},"categories":[109,47],"tags":[],"class_list":["post-83592","post","type-post","status-publish","format-standard","has-post-thumbnail","hentry","category-minuto-a-minuto","category-zona-gris"],"jetpack_featured_media_url":"https:\/\/zonaroja.com.mx\/wp-content\/uploads\/2025\/08\/Normalistas-bloqueo-ADO-Oaxaca.jpeg","jetpack_sharing_enabled":true,"_links":{"self":[{"href":"https:\/\/zonaroja.com.mx\/index.php?rest_route=\/wp\/v2\/posts\/83592","targetHints":{"allow":["GET"]}}],"collection":[{"href":"https:\/\/zonaroja.com.mx\/index.php?rest_route=\/wp\/v2\/posts"}],"about":[{"href":"https:\/\/zonaroja.com.mx\/index.php?rest_route=\/wp\/v2\/types\/post"}],"author":[{"embeddable":true,"href":"https:\/\/zonaroja.com.mx\/index.php?rest_route=\/wp\/v2\/users\/2"}],"replies":[{"embeddable":true,"href":"https:\/\/zonaroja.com.mx\/index.php?rest_route=%2Fwp%2Fv2%2Fcomments&post=83592"}],"version-history":[{"count":1,"href":"https:\/\/zonaroja.com.mx\/index.php?rest_route=\/wp\/v2\/posts\/83592\/revisions"}],"predecessor-version":[{"id":83593,"href":"https:\/\/zonaroja.com.mx\/index.php?rest_route=\/wp\/v2\/posts\/83592\/revisions\/83593"}],"wp:featuredmedia":[{"embeddable":true,"href":"https:\/\/zonaroja.com.mx\/index.php?rest_route=\/wp\/v2\/media\/83584"}],"wp:attachment":[{"href":"https:\/\/zonaroja.com.mx\/index.php?rest_route=%2Fwp%2Fv2%2Fmedia&parent=83592"}],"wp:term":[{"taxonomy":"category","embeddable":true,"href":"https:\/\/zonaroja.com.mx\/index.php?rest_route=%2Fwp%2Fv2%2Fcategories&post=83592"},{"taxonomy":"post_tag","embeddable":true,"href":"https:\/\/zonaroja.com.mx\/index.php?rest_route=%2Fwp%2Fv2%2Ftags&post=83592"}],"curies":[{"name":"wp","href":"https:\/\/api.w.org\/{rel}","templated":true}]}}