{"id":83597,"date":"2025-08-17T07:45:00","date_gmt":"2025-08-17T13:45:00","guid":{"rendered":"https:\/\/zonaroja.com.mx\/?p=83597"},"modified":"2025-08-17T06:34:58","modified_gmt":"2025-08-17T12:34:58","slug":"fotografo-fue-asesinado-tras-rina-por-incidente-vial-hay-dos-detenidos","status":"publish","type":"post","link":"https:\/\/zonaroja.com.mx\/?p=83597","title":{"rendered":"Fot\u00f3grafo fue asesinado tras ri\u00f1a por incidente vial; hay dos detenidos"},"content":{"rendered":"\n<p>Raymundo Morales\/Zona Roja.&nbsp;<\/p>\n\n\n\n<p>Oaxaca, Oax., a 17 de agosto de 2025.- El fot\u00f3grafo Gautier S. E. fue asesinado tras una ri\u00f1a por un percance vial en San Juan Bautista Tuxtepec y ya hay dos personas detenidas como probables responsables del homicidio calificado con ventaja.<\/p>\n\n\n\n<p>As\u00ed lo confirm\u00f3 la Fiscal\u00eda General del Estado de Oaxaca (FGEO), que detall\u00f3 que de acuerdo con el expediente penal, el 15 de agosto de 2025, se recibi\u00f3 el reporte sobre un hecho de tr\u00e1nsito vehicular sobre la calzada Tecnol\u00f3gico, en la colonia 5 de Mayo del municipio de San Juan Bautista Tuxtepec.<\/p>\n\n\n\n<p>Al arribar, los efectivos observaron que el conductor de un veh\u00edculo de motor hab\u00eda perdido la vida y presentaba heridas provocadas por un objeto punzo cortante.<\/p>\n\n\n\n<p>Las investigaciones revelan que, el 15 de agosto del 2025, la v\u00edctima se encontraba a bordo de su veh\u00edculo de motor, sobre el fraccionamiento Los Mangos, San Juan Bautista Tuxtepec, cuando unas personas discutieron con la v\u00edctima.<\/p>\n\n\n\n<p>Derivado de este altercado, uno de los agresores empu\u00f1\u00f3 un arma punzo cortante(cuchillo) infligiendo lesiones en la v\u00edctima. Los agresores huyeron del lugar de los hechos.<\/p>\n\n\n\n<p>En tanto que, debido a la gravedad de las heridas la v\u00edctima se dirigi\u00f3 hac\u00edan la ciudad de Tuxtepec, para recibir atenci\u00f3n m\u00e9dica, sin embargo, perdi\u00f3 la vida mientras conduc\u00eda su veh\u00edculo.<\/p>\n\n\n\n<p>Luego de tomar conocimiento de los hechos, la Fiscal\u00eda, de forma inmediata atrajo el caso y despleg\u00f3 a un equipo multidisciplinario de la Vicefiscal\u00eda Regional de la Cuenca junto con elementos de la Agencia Estatal de Investigaciones (AEI) que lograron la detenci\u00f3n de dos personas por su probable participaci\u00f3n en estos hechos.<\/p>\n","protected":false},"excerpt":{"rendered":"<p>Raymundo Morales\/Zona Roja.&nbsp; Oaxaca, Oax., a 17 de agosto de 2025.- El fot\u00f3grafo Gautier S.&hellip;<\/p>\n","protected":false},"author":2,"featured_media":83601,"comment_status":"closed","ping_status":"open","sticky":false,"template":"","format":"standard","meta":{"_lmt_disableupdate":"","_lmt_disable":"","_jetpack_memberships_contains_paid_content":false,"footnotes":""},"categories":[109,46],"tags":[494],"class_list":["post-83597","post","type-post","status-publish","format-standard","has-post-thumbnail","hentry","category-minuto-a-minuto","category-zona-blanca","tag-fiscalia-general-del-estado-de-oaxaca"],"jetpack_featured_media_url":"https:\/\/zonaroja.com.mx\/wp-content\/uploads\/2025\/08\/Asesinado-fotografo-Gautier-Tuxtepec.jpg","jetpack_sharing_enabled":true,"_links":{"self":[{"href":"https:\/\/zonaroja.com.mx\/index.php?rest_route=\/wp\/v2\/posts\/83597","targetHints":{"allow":["GET"]}}],"collection":[{"href":"https:\/\/zonaroja.com.mx\/index.php?rest_route=\/wp\/v2\/posts"}],"about":[{"href":"https:\/\/zonaroja.com.mx\/index.php?rest_route=\/wp\/v2\/types\/post"}],"author":[{"embeddable":true,"href":"https:\/\/zonaroja.com.mx\/index.php?rest_route=\/wp\/v2\/users\/2"}],"replies":[{"embeddable":true,"href":"https:\/\/zonaroja.com.mx\/index.php?rest_route=%2Fwp%2Fv2%2Fcomments&post=83597"}],"version-history":[{"count":1,"href":"https:\/\/zonaroja.com.mx\/index.php?rest_route=\/wp\/v2\/posts\/83597\/revisions"}],"predecessor-version":[{"id":83602,"href":"https:\/\/zonaroja.com.mx\/index.php?rest_route=\/wp\/v2\/posts\/83597\/revisions\/83602"}],"wp:featuredmedia":[{"embeddable":true,"href":"https:\/\/zonaroja.com.mx\/index.php?rest_route=\/wp\/v2\/media\/83601"}],"wp:attachment":[{"href":"https:\/\/zonaroja.com.mx\/index.php?rest_route=%2Fwp%2Fv2%2Fmedia&parent=83597"}],"wp:term":[{"taxonomy":"category","embeddable":true,"href":"https:\/\/zonaroja.com.mx\/index.php?rest_route=%2Fwp%2Fv2%2Fcategories&post=83597"},{"taxonomy":"post_tag","embeddable":true,"href":"https:\/\/zonaroja.com.mx\/index.php?rest_route=%2Fwp%2Fv2%2Ftags&post=83597"}],"curies":[{"name":"wp","href":"https:\/\/api.w.org\/{rel}","templated":true}]}}