{"id":8360,"date":"2020-02-03T10:03:47","date_gmt":"2020-02-03T16:03:47","guid":{"rendered":"http:\/\/www.zonaroja.com.mx\/?p=8360"},"modified":"2020-02-03T10:03:50","modified_gmt":"2020-02-03T16:03:50","slug":"pese-a-apoyos-del-ieepo-erangelio-mendoza-y-reducido-grupo-reanudan-protestas","status":"publish","type":"post","link":"https:\/\/zonaroja.com.mx\/?p=8360","title":{"rendered":"Pese a apoyos del IEEPO, Erangelio Mendoza y reducido grupo reanudan protestas"},"content":{"rendered":"\n<p>Redacci\u00f3n\/Zona Roja.<\/p>\n\n\n\n<p>Oaxaca de Ju\u00e1rez, Oax., 3 de febrero de\n2020.- Pese a los apoyos del Instituto Estatal de Educaci\u00f3n P\u00fablica de Oaxaca\n(IEEPO), el ex dirigente magisterial Erangelio Mendoza inici\u00f3 movilizaciones\neste lunes en el z\u00f3calo de la capital del estado, junto con un grupo de unos 50\ndocentes.<\/p>\n\n\n\n<p>Sin embargo, el Inistituto inform\u00f3 que\nen atenci\u00f3n a las necesidades de Supervisores y Jefes de Sector de Educaci\u00f3n\nPrimaria General, se entreg\u00f3 mobiliario, equipo y materiales por un monto total\nde 6.4 millones de pesos a estas \u00e1reas estrat\u00e9gicas para el sistema educativo. <\/p>\n\n\n\n<p>\u201cEn la prioridad del gobernador\nAlejandro Murat Hinojosa de suministrar a los espacios f\u00edsicos de los elementos\nnecesarios para su \u00f3ptimo funcionamiento y buen desempe\u00f1o escolar y laboral,\nrecientemente se dot\u00f3 a 173 Supervisores y 40 Jefes de Sector, de equipo de\nc\u00f3mputo, archiveros, escritorio y sillas, entre otros insumos que les\npermitir\u00e1n realizar de manera adecuada las actividades propias de su\ncompetencia\u201d, difundi\u00f3 en un comunicado.<\/p>\n\n\n\n<p>Detall\u00f3 que por instrucciones del\ndirector general del IEEPO, Francisco \u00c1ngel Villarreal, el Instituto a trav\u00e9s\nde la Unidad de Educaci\u00f3n Primaria, atiende y da seguimiento a las peticiones\nde quienes son el enlace entre las autoridades y los propios centros\neducativos.<\/p>\n\n\n\n<p>De los 6.4 millones de pesos de recurso\nestatal, que fueron entregados en mobiliario, equipo y materiales, se benefici\u00f3\na 40 Jefaturas de Sector con una inversi\u00f3n de un mill\u00f3n 320 mil 745 pesos y a\n173 Supervisiones con cinco millones 122 mil 589 pesos.<\/p>\n\n\n\n<p>Agreg\u00f3 que las supervisiones escolares\ny jefes de sector, permiten realizar un adecuado seguimiento y evaluaci\u00f3n de\nprogramas y actividades escolares; adem\u00e1s, proporcionan acompa\u00f1amiento\nt\u00e9cnico-pedag\u00f3gico al director del plantel y los colectivos docentes de sus\nrespectivas zonas de atenci\u00f3n.<\/p>\n\n\n\n<p>\u201cCon la nueva etapa de di\u00e1logo, apoyo y\napertura de los gobiernos federal y estatal, el seguimiento a los\nplanteamientos de los supervisores contin\u00faa a trav\u00e9s de las mesas de trabajo\ntripartitas, en las que se ha contado con la participaci\u00f3n de representantes de\nla Secretar\u00eda de Educaci\u00f3n P\u00fablica (SEP), la dirigencia estatal del Sindicato\nNacional de Trabajadores de la Educaci\u00f3n (SNTE) y el IEEPO, y se ha dado\natenci\u00f3n integral al magisterio oaxaque\u00f1o.<\/p>\n\n\n\n<p>Se\u00f1al\u00f3 que en d\u00edas pasados en una mesa\ntripartita en Oaxaca, entre la SEP, IEEPO y la dirigencia magisterial, se\ntomaron acuerdos sobre los procedimientos necesarios para iniciar en el mes de\nfebrero la soluci\u00f3n de las incidencias administrativas presentadas para los\ndiferentes niveles educativos y en particular, las de los supervisores de\nprimarias.<\/p>\n","protected":false},"excerpt":{"rendered":"<p>Redacci\u00f3n\/Zona Roja. Oaxaca de Ju\u00e1rez, Oax., 3 de febrero de 2020.- Pese a los apoyos&hellip;<\/p>\n","protected":false},"author":2,"featured_media":8361,"comment_status":"closed","ping_status":"open","sticky":false,"template":"","format":"standard","meta":{"_lmt_disableupdate":"","_lmt_disable":"","_jetpack_memberships_contains_paid_content":false,"footnotes":""},"categories":[109,46],"tags":[1339,599],"class_list":["post-8360","post","type-post","status-publish","format-standard","has-post-thumbnail","hentry","category-minuto-a-minuto","category-zona-blanca","tag-erangelio-mendoza","tag-instituto-estatal-de-educacion-publica-de-oaxaca"],"jetpack_featured_media_url":"https:\/\/zonaroja.com.mx\/wp-content\/uploads\/2020\/02\/PHOTO-2020-02-03-09-40-39.jpg","jetpack_sharing_enabled":true,"_links":{"self":[{"href":"https:\/\/zonaroja.com.mx\/index.php?rest_route=\/wp\/v2\/posts\/8360","targetHints":{"allow":["GET"]}}],"collection":[{"href":"https:\/\/zonaroja.com.mx\/index.php?rest_route=\/wp\/v2\/posts"}],"about":[{"href":"https:\/\/zonaroja.com.mx\/index.php?rest_route=\/wp\/v2\/types\/post"}],"author":[{"embeddable":true,"href":"https:\/\/zonaroja.com.mx\/index.php?rest_route=\/wp\/v2\/users\/2"}],"replies":[{"embeddable":true,"href":"https:\/\/zonaroja.com.mx\/index.php?rest_route=%2Fwp%2Fv2%2Fcomments&post=8360"}],"version-history":[{"count":1,"href":"https:\/\/zonaroja.com.mx\/index.php?rest_route=\/wp\/v2\/posts\/8360\/revisions"}],"predecessor-version":[{"id":8362,"href":"https:\/\/zonaroja.com.mx\/index.php?rest_route=\/wp\/v2\/posts\/8360\/revisions\/8362"}],"wp:featuredmedia":[{"embeddable":true,"href":"https:\/\/zonaroja.com.mx\/index.php?rest_route=\/wp\/v2\/media\/8361"}],"wp:attachment":[{"href":"https:\/\/zonaroja.com.mx\/index.php?rest_route=%2Fwp%2Fv2%2Fmedia&parent=8360"}],"wp:term":[{"taxonomy":"category","embeddable":true,"href":"https:\/\/zonaroja.com.mx\/index.php?rest_route=%2Fwp%2Fv2%2Fcategories&post=8360"},{"taxonomy":"post_tag","embeddable":true,"href":"https:\/\/zonaroja.com.mx\/index.php?rest_route=%2Fwp%2Fv2%2Ftags&post=8360"}],"curies":[{"name":"wp","href":"https:\/\/api.w.org\/{rel}","templated":true}]}}