{"id":83605,"date":"2025-08-17T09:45:00","date_gmt":"2025-08-17T15:45:00","guid":{"rendered":"https:\/\/zonaroja.com.mx\/?p=83605"},"modified":"2025-08-17T06:58:58","modified_gmt":"2025-08-17T12:58:58","slug":"otro-ejecutado-en-juchitan-y-una-menor-ultimada-en-la-cuenca","status":"publish","type":"post","link":"https:\/\/zonaroja.com.mx\/?p=83605","title":{"rendered":"\u00a1Otro ejecutado en Juchit\u00e1n! Y una menor ultimada en la Cuenca"},"content":{"rendered":"\n<p>Raymundo Morales\/Zona Roja.<\/p>\n\n\n\n<p>Oaxaca, Oax., a 17 de agosto de 2025.- Un nuevo crimen se cometi\u00f3 en Juchit\u00e1n de Zaragoza.<\/p>\n\n\n\n<p>Ahora fue en un domicilio de la calle Francisco y Madero de la S\u00e9ptima Secci\u00f3n, donde sujetos armados arribaron anoche para disparar directamente en contra de Aldair S. T., quien perdi\u00f3 la vida al instante.<\/p>\n\n\n\n<p>En el lugar se celebraba una convivencia familiar cuando arribaron los presuntos asesinos, tras lo cual de inmediato huyeron presuntamente a bordo de una motocicleta.<\/p>\n\n\n\n<p>Tras ello llegaron a la zona peritos y agentes de investigaci\u00f3n asignados a la Vicefiscal\u00eda Regional del Istmo, de la Fiscal\u00eda General del Estado de Oaxaca, para recabar las primeras evidencias; hasta el momento no hay personas detenidas por este caso.<\/p>\n\n\n\n<p>EN JALAPA<\/p>\n\n\n\n<p>Por otra parte, autoridades policiacas confirmaron ayer la muerte de una menor de edad en San Felipe Jalapa de D\u00edaz, municipio de la regi\u00f3n Cuenca del estado.<\/p>\n\n\n\n<p>La noche del viernes, la ni\u00f1a de 12 a\u00f1os de edad se encontraba en su domicilio en la comunidad de Playa Chica, cuando arribaron sujetos armados buscando a un joven y al no hallarlo, dispararon en contra de la menor de edad.<\/p>\n\n\n\n<p>La v\u00edctima fue identificada como Alma Y. G. P., y sus familiares exigen justicia por este crimen; hasta el momento no se ha reportado detenci\u00f3n alguna y el caso lo investiga la Vicefiscal\u00eda Regional de la Cuenca.<\/p>\n","protected":false},"excerpt":{"rendered":"<p>Raymundo Morales\/Zona Roja. Oaxaca, Oax., a 17 de agosto de 2025.- Un nuevo crimen se&hellip;<\/p>\n","protected":false},"author":2,"featured_media":83599,"comment_status":"closed","ping_status":"open","sticky":false,"template":"","format":"standard","meta":{"_lmt_disableupdate":"","_lmt_disable":"","_jetpack_memberships_contains_paid_content":false,"footnotes":""},"categories":[109,51],"tags":[297],"class_list":["post-83605","post","type-post","status-publish","format-standard","has-post-thumbnail","hentry","category-minuto-a-minuto","category-zona-roja","tag-ejecutado-juchitan"],"jetpack_featured_media_url":"https:\/\/zonaroja.com.mx\/wp-content\/uploads\/2025\/08\/ASesinado-Juchitan-sabado.jpg","jetpack_sharing_enabled":true,"_links":{"self":[{"href":"https:\/\/zonaroja.com.mx\/index.php?rest_route=\/wp\/v2\/posts\/83605","targetHints":{"allow":["GET"]}}],"collection":[{"href":"https:\/\/zonaroja.com.mx\/index.php?rest_route=\/wp\/v2\/posts"}],"about":[{"href":"https:\/\/zonaroja.com.mx\/index.php?rest_route=\/wp\/v2\/types\/post"}],"author":[{"embeddable":true,"href":"https:\/\/zonaroja.com.mx\/index.php?rest_route=\/wp\/v2\/users\/2"}],"replies":[{"embeddable":true,"href":"https:\/\/zonaroja.com.mx\/index.php?rest_route=%2Fwp%2Fv2%2Fcomments&post=83605"}],"version-history":[{"count":1,"href":"https:\/\/zonaroja.com.mx\/index.php?rest_route=\/wp\/v2\/posts\/83605\/revisions"}],"predecessor-version":[{"id":83606,"href":"https:\/\/zonaroja.com.mx\/index.php?rest_route=\/wp\/v2\/posts\/83605\/revisions\/83606"}],"wp:featuredmedia":[{"embeddable":true,"href":"https:\/\/zonaroja.com.mx\/index.php?rest_route=\/wp\/v2\/media\/83599"}],"wp:attachment":[{"href":"https:\/\/zonaroja.com.mx\/index.php?rest_route=%2Fwp%2Fv2%2Fmedia&parent=83605"}],"wp:term":[{"taxonomy":"category","embeddable":true,"href":"https:\/\/zonaroja.com.mx\/index.php?rest_route=%2Fwp%2Fv2%2Fcategories&post=83605"},{"taxonomy":"post_tag","embeddable":true,"href":"https:\/\/zonaroja.com.mx\/index.php?rest_route=%2Fwp%2Fv2%2Ftags&post=83605"}],"curies":[{"name":"wp","href":"https:\/\/api.w.org\/{rel}","templated":true}]}}