{"id":83607,"date":"2025-08-17T11:45:00","date_gmt":"2025-08-17T17:45:00","guid":{"rendered":"https:\/\/zonaroja.com.mx\/?p=83607"},"modified":"2025-08-17T06:59:59","modified_gmt":"2025-08-17T12:59:59","slug":"presentan-en-oaxaca-el-libro-francisco-toledo-grabador-de-enigmas","status":"publish","type":"post","link":"https:\/\/zonaroja.com.mx\/?p=83607","title":{"rendered":"Presentan en Oaxaca el libro \u00abFrancisco Toledo, grabador de enigmas\u201d"},"content":{"rendered":"\n<p>Lisbeth Mej\u00eda Reyes\/Zona Roja.<\/p>\n\n\n\n<p>Oaxaca, Oax., a 17 de agosto de 2025.- Es un libro-cat\u00e1logo que re\u00fane buena parte de la producci\u00f3n gr\u00e1fica del artista zapoteco. Pero tambi\u00e9n es testimonio de la amistad entre el autor y los galeristas Armando Colina y V\u00edctor Acu\u00f1a.&nbsp;<\/p>\n\n\n\n<p>Este viernes 15 de agosto, a unas semanas del aniversario luctuoso de Francisco Toledo (1940-2019), el libro \u00abFrancisco Toledo, grabador de enigmas\u00bb, se present\u00f3 en el Instituto de Artes Gr\u00e1ficas de Oaxaca (IAGO).<\/p>\n\n\n\n<p>La obra, dijo la periodista Merry MacMasters, es tambi\u00e9n una \u00abmanera de honrar los 55 a\u00f1os de la galer\u00eda Arvil y la amistad de Armando Colina y &nbsp;V\u00edctor Acu\u00f1a, con el maestro Francisco Toledo, cuya presencia siempre sentimos\u00bb.<\/p>\n\n\n\n<p>Fue en el patio del IAGO, en el Centro Hist\u00f3rico de la capital. donde se comparti\u00f3 ante el p\u00fablico este volumen titulado como la exposici\u00f3n que inicialmente se llam\u00f3 \u00abFrancisco Toledo: placas met\u00e1licas y obra gr\u00e1fica que \u00e9l cre\u00f3 con ellas\u00bb, presentada en 2024 en el Centro de las Artes de San Agust\u00edn Etla (CaSa), misma que de enero a abril de este a\u00f1o se renombr\u00f3 \u00abFrancisco Toledo, grabador de enigmas\u00bb.<\/p>\n\n\n\n<p>Durante la presentaci\u00f3n, Armando Colina record\u00f3 la profunda amistad que tuvo con el maestro Francisco Toledo desde que este regres\u00f3 de Europa y hasta su muerte, en 2019.<\/p>\n\n\n\n<p>\u00abMi socio V\u00edctor Acu\u00f1a, tambi\u00e9n ausente, y yo, creamos la compa\u00f1\u00eda Arvil Gr\u00e1fica porque nos dimos cuenta de que nuestros amigos-clientes no entend\u00edan que una obra gr\u00e1fica es un original seriado. Este es el resultado del trabajo que hicimos con Toledo entre 1974 y 2001.<\/p>\n\n\n\n<p>\u00abConceb\u00ed esta muestra como un homenaje al muy querido amigo y extraordinario artista Francisco Toledo; c\u00f3mplice de m\u00faltiples aventuras en el arte, a cinco a\u00f1os de su temprana partida\u00bb, agreg\u00f3 sobre el volumen que se proyect\u00f3 en 2024 y se concret\u00f3 en este a\u00f1o.<\/p>\n\n\n\n<p>MacMasters detall\u00f3 que el libro es una iniciativa de la galer\u00eda Arvil, representada por su director Armando Colina, en ausencia de su socio, V\u00edctor Acu\u00f1a, fallecido hace casi cuatro a\u00f1os.<\/p>\n\n\n\n<p>Para su realizaci\u00f3n, Armando Colina cont\u00f3 con el apoyo del Museo del Estanquillo\/Colecciones Carlos Monsiv\u00e1is, el Centro de las Artes de San Agust\u00edn Etla y la Editorial Artes de M\u00e9xico.<\/p>\n\n\n\n<p>Al reiterar que es un libro realizado por el aniversario 55 de la galer\u00eda, cumplido en el 2024, tambi\u00e9n explic\u00f3 que desde sus inicios esta mantuvo una estrecha relaci\u00f3n con Toledo.<\/p>\n","protected":false},"excerpt":{"rendered":"<p>Lisbeth Mej\u00eda Reyes\/Zona Roja. Oaxaca, Oax., a 17 de agosto de 2025.- Es un libro-cat\u00e1logo&hellip;<\/p>\n","protected":false},"author":2,"featured_media":83598,"comment_status":"closed","ping_status":"open","sticky":false,"template":"","format":"standard","meta":{"_lmt_disableupdate":"","_lmt_disable":"","_jetpack_memberships_contains_paid_content":false,"footnotes":""},"categories":[109,46],"tags":[677,791],"class_list":["post-83607","post","type-post","status-publish","format-standard","has-post-thumbnail","hentry","category-minuto-a-minuto","category-zona-blanca","tag-francisco-toledo","tag-instituto-de-artes-graficas-de-oaxaca"],"jetpack_featured_media_url":"https:\/\/zonaroja.com.mx\/wp-content\/uploads\/2025\/08\/Presentacion-libro-sobre-Francisco-Toledo.jpg","jetpack_sharing_enabled":true,"_links":{"self":[{"href":"https:\/\/zonaroja.com.mx\/index.php?rest_route=\/wp\/v2\/posts\/83607","targetHints":{"allow":["GET"]}}],"collection":[{"href":"https:\/\/zonaroja.com.mx\/index.php?rest_route=\/wp\/v2\/posts"}],"about":[{"href":"https:\/\/zonaroja.com.mx\/index.php?rest_route=\/wp\/v2\/types\/post"}],"author":[{"embeddable":true,"href":"https:\/\/zonaroja.com.mx\/index.php?rest_route=\/wp\/v2\/users\/2"}],"replies":[{"embeddable":true,"href":"https:\/\/zonaroja.com.mx\/index.php?rest_route=%2Fwp%2Fv2%2Fcomments&post=83607"}],"version-history":[{"count":1,"href":"https:\/\/zonaroja.com.mx\/index.php?rest_route=\/wp\/v2\/posts\/83607\/revisions"}],"predecessor-version":[{"id":83608,"href":"https:\/\/zonaroja.com.mx\/index.php?rest_route=\/wp\/v2\/posts\/83607\/revisions\/83608"}],"wp:featuredmedia":[{"embeddable":true,"href":"https:\/\/zonaroja.com.mx\/index.php?rest_route=\/wp\/v2\/media\/83598"}],"wp:attachment":[{"href":"https:\/\/zonaroja.com.mx\/index.php?rest_route=%2Fwp%2Fv2%2Fmedia&parent=83607"}],"wp:term":[{"taxonomy":"category","embeddable":true,"href":"https:\/\/zonaroja.com.mx\/index.php?rest_route=%2Fwp%2Fv2%2Fcategories&post=83607"},{"taxonomy":"post_tag","embeddable":true,"href":"https:\/\/zonaroja.com.mx\/index.php?rest_route=%2Fwp%2Fv2%2Ftags&post=83607"}],"curies":[{"name":"wp","href":"https:\/\/api.w.org\/{rel}","templated":true}]}}