{"id":83622,"date":"2025-08-17T18:58:52","date_gmt":"2025-08-18T00:58:52","guid":{"rendered":"https:\/\/zonaroja.com.mx\/?p=83622"},"modified":"2025-08-17T18:58:54","modified_gmt":"2025-08-18T00:58:54","slug":"confirma-la-fiscalia-detencion-de-presunta-lideresa-del-crimen-en-el-istmo","status":"publish","type":"post","link":"https:\/\/zonaroja.com.mx\/?p=83622","title":{"rendered":"Confirma la Fiscal\u00eda detenci\u00f3n de presunta lideresa del crimen en el Istmo"},"content":{"rendered":"\n<p>Raymundo Morales\/Zona Roja.<\/p>\n\n\n\n<p>Oaxaca, Oax., a 17 de agosto de 2025.- La Fiscal\u00eda General del Estado de Oaxaca confirm\u00f3 la detenci\u00f3n de Hermelinda M. O., alias \u201cLa Hiena\u201d, considerada un objetivo prioritario, al ser identificada como lideresa de una c\u00e9lula de la delincuencia organizada en la regi\u00f3n del Istmo de Tehuantepec.<\/p>\n\n\n\n<p>En un comunicado, detall\u00f3 que fue capturada luego de un despliegue t\u00e1ctico realizado como parte de las acciones por la Operaci\u00f3n \u201cSable\u201d que se lleva a cabo en esa regi\u00f3n.<\/p>\n\n\n\n<p>\u201cLa detenci\u00f3n de H.M.O., alias \u201cLa Hiena\u201d, fue el resultado de trabajos de inteligencia criminal que la identifican como una de las principales operadoras de una c\u00e9lula delictiva de la regi\u00f3n del Istmo\u201d, indic\u00f3 en un comunicado.<\/p>\n\n\n\n<p>Expuso que al tener conocimiento de las actividades il\u00edcitas de la imputada, la Fiscal\u00eda, a trav\u00e9s de la Agencia Estatal de Investigaciones (AEI) y la Vicefiscal\u00eda Regional de Valles Centrales, en colaboraci\u00f3n con la Secretar\u00eda de la Defensa Nacional (Defensa), Secretar\u00eda de Marina, Guardia Nacional y la Polic\u00eda Estatal, se desplegaron para realizar un cateo en el que fue detenida una persona.<\/p>\n\n\n\n<p>Luego del operativo de la aprehensi\u00f3n, fue puesta a disposici\u00f3n del Ministerio P\u00fablico que la llev\u00f3 ante el juez que determin\u00f3 como legal la detenci\u00f3n por delitos contra la Salud en su modalidad de Narcomenudeo.<\/p>\n\n\n\n<p>\u201cAdem\u00e1s que los trabajos de inteligencia, permiten establecer la hip\u00f3tesis que H.M.O. (Hermelinda), alias \u201cLa Hiena\u201d, estar\u00eda relacionada con grupos criminales de la regi\u00f3n, principalmente con el que opera desde la agencia municipal de San Luis Rey, en Santo Domingo Tehuantepec\u201d.<\/p>\n\n\n\n<p>De acuerdo con las primeras indagatorias, \u201cLa Hiena\u201d es pieza clave en la distribuci\u00f3n de droga a gran escala en la regi\u00f3n del Istmo y presunta proveedora de Iv\u00e1n, alias \u201cEl Cromo\u201d.<\/p>\n\n\n\n<p>Es tambi\u00e9n pareja sentimental de Rogelio, conocido como \u201cEl Melchorcito\u201d, y en su domicilio decomisaron dos fusiles de asalto AK-47, calibre 7.62, conocidos como cuernos de chivo, as\u00ed como un rifle Galil de uso exclusivo del Ej\u00e9rcito.<\/p>\n\n\n\n<p>Seg\u00fan fuentes extraoficiales, tras la ejecuci\u00f3n de su suegro, Melchor R. C., el 4 de mayo de 2023, Hermelinda habr\u00eda tomado el control del negocio familiar ligado al c\u00e1rtel de San Luis Rey, encabezado actualmente por Raymundo y Keni R. C.<\/p>\n\n\n\n<p>Con el arresto de Hermelinda M. O., las autoridades dan un golpe a la estructura del c\u00e1rtel de San Luis Rey, una de las organizaciones criminal<\/p>\n","protected":false},"excerpt":{"rendered":"<p>Raymundo Morales\/Zona Roja. Oaxaca, Oax., a 17 de agosto de 2025.- La Fiscal\u00eda General del&hellip;<\/p>\n","protected":false},"author":2,"featured_media":83623,"comment_status":"closed","ping_status":"open","sticky":false,"template":"","format":"standard","meta":{"_lmt_disableupdate":"","_lmt_disable":"","_jetpack_memberships_contains_paid_content":false,"footnotes":""},"categories":[109,46],"tags":[4411],"class_list":["post-83622","post","type-post","status-publish","format-standard","has-post-thumbnail","hentry","category-minuto-a-minuto","category-zona-blanca","tag-hermelinda-m-o-la-hiena-san-luis-rey"],"jetpack_featured_media_url":"https:\/\/zonaroja.com.mx\/wp-content\/uploads\/2025\/08\/Hermelinda-M.-O.-La-Hiena.jpeg","jetpack_sharing_enabled":true,"_links":{"self":[{"href":"https:\/\/zonaroja.com.mx\/index.php?rest_route=\/wp\/v2\/posts\/83622","targetHints":{"allow":["GET"]}}],"collection":[{"href":"https:\/\/zonaroja.com.mx\/index.php?rest_route=\/wp\/v2\/posts"}],"about":[{"href":"https:\/\/zonaroja.com.mx\/index.php?rest_route=\/wp\/v2\/types\/post"}],"author":[{"embeddable":true,"href":"https:\/\/zonaroja.com.mx\/index.php?rest_route=\/wp\/v2\/users\/2"}],"replies":[{"embeddable":true,"href":"https:\/\/zonaroja.com.mx\/index.php?rest_route=%2Fwp%2Fv2%2Fcomments&post=83622"}],"version-history":[{"count":1,"href":"https:\/\/zonaroja.com.mx\/index.php?rest_route=\/wp\/v2\/posts\/83622\/revisions"}],"predecessor-version":[{"id":83624,"href":"https:\/\/zonaroja.com.mx\/index.php?rest_route=\/wp\/v2\/posts\/83622\/revisions\/83624"}],"wp:featuredmedia":[{"embeddable":true,"href":"https:\/\/zonaroja.com.mx\/index.php?rest_route=\/wp\/v2\/media\/83623"}],"wp:attachment":[{"href":"https:\/\/zonaroja.com.mx\/index.php?rest_route=%2Fwp%2Fv2%2Fmedia&parent=83622"}],"wp:term":[{"taxonomy":"category","embeddable":true,"href":"https:\/\/zonaroja.com.mx\/index.php?rest_route=%2Fwp%2Fv2%2Fcategories&post=83622"},{"taxonomy":"post_tag","embeddable":true,"href":"https:\/\/zonaroja.com.mx\/index.php?rest_route=%2Fwp%2Fv2%2Ftags&post=83622"}],"curies":[{"name":"wp","href":"https:\/\/api.w.org\/{rel}","templated":true}]}}