{"id":83625,"date":"2025-08-17T20:16:24","date_gmt":"2025-08-18T02:16:24","guid":{"rendered":"https:\/\/zonaroja.com.mx\/?p=83625"},"modified":"2025-08-17T20:16:26","modified_gmt":"2025-08-18T02:16:26","slug":"asesinan-a-individuo-en-miahuatlan-de-porfirio-diaz","status":"publish","type":"post","link":"https:\/\/zonaroja.com.mx\/?p=83625","title":{"rendered":"Asesinan a individuo en Miahuatl\u00e1n de Porfirio D\u00edaz"},"content":{"rendered":"\n<p>Raymundo Morales\/Zona Roja.<\/p>\n\n\n\n<p>Oaxaca, Oax., a 17 de agosto de 2025.- Una persona del sexo masculino fue asesinada este domingo en Miahuatl\u00e1n de Porfirio D\u00edaz.<\/p>\n\n\n\n<p>En la semana, es el segundo crimen que ocurre en este municipio, gobernado por el morenista C\u00e9sar Figueroa, quien adem\u00e1s de la grave inseguridad, enfrenta una serie de problem\u00e1ticas.<\/p>\n\n\n\n<p>El cuerpo del individuo fue localizado la ma\u00f1ana de hoy en un predio a un costado de la carretera federal 175 Oaxaca-Puerto \u00c1ngel, en inmediaciones de la colonia San Juan Bosco.<\/p>\n\n\n\n<p>Personal param\u00e9dico arrib\u00f3 a la zona para brindar los primeros auxilios pero s\u00f3lo corrobor\u00f3 que la v\u00edctima ya no contaba con signos vitales; hasta el momento no ha sido identificada la persona.<\/p>\n\n\n\n<p>Apenas al inicio de la semana pasada otro individuo fue ultimado a balazos, en la misma zona,<\/p>\n\n\n\n<p>De acuerdo con los propios habitantes de Miahuatl\u00e1n, la violencia se mantiene sin control en dicho municipio de la regi\u00f3n Sierra Sur, sin que la autoridad municipal, que encabeza desde enero pasado C\u00e9sar Figueroa, haga algo para poner freno.<\/p>\n","protected":false},"excerpt":{"rendered":"<p>Raymundo Morales\/Zona Roja. Oaxaca, Oax., a 17 de agosto de 2025.- Una persona del sexo&hellip;<\/p>\n","protected":false},"author":2,"featured_media":83626,"comment_status":"closed","ping_status":"open","sticky":false,"template":"","format":"standard","meta":{"_lmt_disableupdate":"","_lmt_disable":"","_jetpack_memberships_contains_paid_content":false,"footnotes":""},"categories":[109,51],"tags":[3149],"class_list":["post-83625","post","type-post","status-publish","format-standard","has-post-thumbnail","hentry","category-minuto-a-minuto","category-zona-roja","tag-miahutlan-de-porfirio-diaz"],"jetpack_featured_media_url":"https:\/\/zonaroja.com.mx\/wp-content\/uploads\/2025\/08\/Asesinado-Miahuatlan-de-Porfirio-Diaz.jpg","jetpack_sharing_enabled":true,"_links":{"self":[{"href":"https:\/\/zonaroja.com.mx\/index.php?rest_route=\/wp\/v2\/posts\/83625","targetHints":{"allow":["GET"]}}],"collection":[{"href":"https:\/\/zonaroja.com.mx\/index.php?rest_route=\/wp\/v2\/posts"}],"about":[{"href":"https:\/\/zonaroja.com.mx\/index.php?rest_route=\/wp\/v2\/types\/post"}],"author":[{"embeddable":true,"href":"https:\/\/zonaroja.com.mx\/index.php?rest_route=\/wp\/v2\/users\/2"}],"replies":[{"embeddable":true,"href":"https:\/\/zonaroja.com.mx\/index.php?rest_route=%2Fwp%2Fv2%2Fcomments&post=83625"}],"version-history":[{"count":1,"href":"https:\/\/zonaroja.com.mx\/index.php?rest_route=\/wp\/v2\/posts\/83625\/revisions"}],"predecessor-version":[{"id":83627,"href":"https:\/\/zonaroja.com.mx\/index.php?rest_route=\/wp\/v2\/posts\/83625\/revisions\/83627"}],"wp:featuredmedia":[{"embeddable":true,"href":"https:\/\/zonaroja.com.mx\/index.php?rest_route=\/wp\/v2\/media\/83626"}],"wp:attachment":[{"href":"https:\/\/zonaroja.com.mx\/index.php?rest_route=%2Fwp%2Fv2%2Fmedia&parent=83625"}],"wp:term":[{"taxonomy":"category","embeddable":true,"href":"https:\/\/zonaroja.com.mx\/index.php?rest_route=%2Fwp%2Fv2%2Fcategories&post=83625"},{"taxonomy":"post_tag","embeddable":true,"href":"https:\/\/zonaroja.com.mx\/index.php?rest_route=%2Fwp%2Fv2%2Ftags&post=83625"}],"curies":[{"name":"wp","href":"https:\/\/api.w.org\/{rel}","templated":true}]}}