{"id":83633,"date":"2025-08-18T08:15:00","date_gmt":"2025-08-18T14:15:00","guid":{"rendered":"https:\/\/zonaroja.com.mx\/?p=83633"},"modified":"2025-08-18T07:47:10","modified_gmt":"2025-08-18T13:47:10","slug":"van-seis-corporaciones-policiacas-municipales-intervenidas-por-la-fiscalia","status":"publish","type":"post","link":"https:\/\/zonaroja.com.mx\/?p=83633","title":{"rendered":"Van seis corporaciones policiacas municipales intervenidas por la Fiscal\u00eda\u00a0"},"content":{"rendered":"\n<p>Lisbeth Mej\u00eda Reyes\/Zona Roja.<\/p>\n\n\n\n<p>Oaxaca, Oax., a 18 de julio de 2025.- A ra\u00edz de la creciente ola de violencia vinculada al crimen organizado, las fuerzas estatales y federales han tomado el control o intervenido al menos seis corporaciones de polic\u00edas municipales del estado de Oaxaca en lo que va del 2025.&nbsp;<\/p>\n\n\n\n<p>Los recientes operativos fueron en la primera quincena de agosto, como parte de la \u00abOperaci\u00f3n Sable\u00bb de la Fiscal\u00eda General del Estado, en Pinotepa Nacional, San Juan Cacahuatepec y Putla Villa de Guerrero.<\/p>\n\n\n\n<p>Aunque antes han sido por parte de esta instituci\u00f3n, el Ej\u00e9rcito o ambos. En enero fue en San Juan Bautista Tuxtepec (tras el asesinato de cuatro polic\u00edas municipales).&nbsp;<\/p>\n\n\n\n<p>En marzo, en Santa Mar\u00eda Huatulco, a ra\u00edz de la desaparici\u00f3n de un grupo de j\u00f3venes de Tlaxcala. Posteriormente, en ese mismo mes y por el mismo caso, la Fiscal\u00eda de Oaxaca detuvo al agente del Ministerio P\u00fablico y a un comandante de la Agencia Estatal de Investigaciones.<\/p>\n\n\n\n<p>La intervenci\u00f3n de la polic\u00eda de Juchit\u00e1n de Zaragoza fue en junio y en ella se detuvo al director del C2, N. H. B. Adem\u00e1s de que el control qued\u00f3 a cargo de la polic\u00eda estatal.<\/p>\n\n\n\n<p>Los operativos han sido por parte de la Fiscal\u00eda, la Marina, la Secretar\u00eda de la Defensa Nacional, Guardia Nacional, Polic\u00eda Estatal, entre otras instituciones. Derivado de estos operativos, se han retirado c\u00e1maras de videovigilancia ilegales y antenas repetidoras, tambien se ha detectado cuentas espejo en los centros de control y comando (C2).&nbsp;<\/p>\n\n\n\n<p>Pero tambi\u00e9n se han detenido a por lo menos 15 funcionarios y polic\u00edas municipales por la portaci\u00f3n irregular de armas de fuego y presuntos v\u00ednculos con la delincuencia organizada.<\/p>\n\n\n\n<p>El 11 de agosto, durante la intervenci\u00f3n en Pinotepa, fueron ocho personas detenidas (4 funcionarios y 4 polic\u00edas municipales). En este caso, no es la primera vez que la polic\u00eda se interviene y queda al mando de una corporaci\u00f3n estatal o federal; en septiembre de 2022, fue la Secretar\u00eda de Marina la que asumi\u00f3 la direcci\u00f3n de la polic\u00eda municipal.<\/p>\n\n\n\n<p>El 14 de agosto pasado fue el \u00faltimo operativo en Putla Villa de Guerrero, en donde se detuvieron a 4 polic\u00edas municipales detenidos y se aseguraron armas.<\/p>\n\n\n\n<p>De acuerdo con la Encuesta Nacional de Victimizaci\u00f3n y Percepci\u00f3n sobre Seguridad P\u00fablica (ENVIPE) 2024, a nivel nacional la ciudadan\u00eda percibe a las polic\u00edas municipales como una de las menos confiables en su desempe\u00f1o, tan solo despu\u00e9s de las polic\u00edas de tr\u00e1nsito, que tienen la menor confianza de la poblaci\u00f3n.&nbsp;<\/p>\n\n\n\n<p>A\u00fan cuando la percepci\u00f3n aument\u00f3 respecto del 2023, apenas poco m\u00e1s de la mitad (51.6 por ciento) consideraba en el 2024 que el desempe\u00f1o de las corporaciones municipales es efectivo, mientras que en los primeros lugares de esta percepci\u00f3n estaban la Marina (86.7 por ciento), el Ej\u00e9rcito (84.3) y la Guardia Nacional (77.2).<\/p>\n","protected":false},"excerpt":{"rendered":"<p>Lisbeth Mej\u00eda Reyes\/Zona Roja. Oaxaca, Oax., a 18 de julio de 2025.- A ra\u00edz de&hellip;<\/p>\n","protected":false},"author":2,"featured_media":83634,"comment_status":"closed","ping_status":"open","sticky":false,"template":"","format":"standard","meta":{"_lmt_disableupdate":"","_lmt_disable":"","_jetpack_memberships_contains_paid_content":false,"footnotes":""},"categories":[109,46],"tags":[681],"class_list":["post-83633","post","type-post","status-publish","format-standard","has-post-thumbnail","hentry","category-minuto-a-minuto","category-zona-blanca","tag-fiscalia-anticorrupcion"],"jetpack_featured_media_url":"https:\/\/zonaroja.com.mx\/wp-content\/uploads\/2025\/08\/BOLETIN-1663.-Toma-Operacion-Sable-control-de-seguridad-en-Putla16-1.jpeg","jetpack_sharing_enabled":true,"_links":{"self":[{"href":"https:\/\/zonaroja.com.mx\/index.php?rest_route=\/wp\/v2\/posts\/83633","targetHints":{"allow":["GET"]}}],"collection":[{"href":"https:\/\/zonaroja.com.mx\/index.php?rest_route=\/wp\/v2\/posts"}],"about":[{"href":"https:\/\/zonaroja.com.mx\/index.php?rest_route=\/wp\/v2\/types\/post"}],"author":[{"embeddable":true,"href":"https:\/\/zonaroja.com.mx\/index.php?rest_route=\/wp\/v2\/users\/2"}],"replies":[{"embeddable":true,"href":"https:\/\/zonaroja.com.mx\/index.php?rest_route=%2Fwp%2Fv2%2Fcomments&post=83633"}],"version-history":[{"count":1,"href":"https:\/\/zonaroja.com.mx\/index.php?rest_route=\/wp\/v2\/posts\/83633\/revisions"}],"predecessor-version":[{"id":83635,"href":"https:\/\/zonaroja.com.mx\/index.php?rest_route=\/wp\/v2\/posts\/83633\/revisions\/83635"}],"wp:featuredmedia":[{"embeddable":true,"href":"https:\/\/zonaroja.com.mx\/index.php?rest_route=\/wp\/v2\/media\/83634"}],"wp:attachment":[{"href":"https:\/\/zonaroja.com.mx\/index.php?rest_route=%2Fwp%2Fv2%2Fmedia&parent=83633"}],"wp:term":[{"taxonomy":"category","embeddable":true,"href":"https:\/\/zonaroja.com.mx\/index.php?rest_route=%2Fwp%2Fv2%2Fcategories&post=83633"},{"taxonomy":"post_tag","embeddable":true,"href":"https:\/\/zonaroja.com.mx\/index.php?rest_route=%2Fwp%2Fv2%2Ftags&post=83633"}],"curies":[{"name":"wp","href":"https:\/\/api.w.org\/{rel}","templated":true}]}}