{"id":83636,"date":"2025-08-18T09:15:00","date_gmt":"2025-08-18T15:15:00","guid":{"rendered":"https:\/\/zonaroja.com.mx\/?p=83636"},"modified":"2025-08-18T08:04:39","modified_gmt":"2025-08-18T14:04:39","slug":"accidentes-viales-en-oaxaca-dejan-siete-muertos-la-mayoria-motociclistas","status":"publish","type":"post","link":"https:\/\/zonaroja.com.mx\/?p=83636","title":{"rendered":"Accidentes viales en Oaxaca dejan siete muertos, la mayor\u00eda motociclistas"},"content":{"rendered":"\n<p>Raymundo Morales\/Zona Roja.<\/p>\n\n\n\n<p>Oaxaca, Oax., a 18 de agosto de 2025.- Al menos una veintena de accidentes viales ocurrieron el fin de semana en el estado de Oaxaca, que han dejado como saldo preliminar al menos siete personas fallecidas, en su mayor\u00eda motociclistas.<\/p>\n\n\n\n<p>Como Jos\u00e9 Alberto M. C., dirigente del club de motociclistas \u201cMetal Horse\u201d, fue identificado el individuo que perdi\u00f3 la vida tras un percance con una motocicleta, en la carretera Oaxaca-Istmo, jurisdicci\u00f3n de Tlacolula de Matamoros, mientras participaba en una rodada.<\/p>\n\n\n\n<p>Tambi\u00e9n ayer se confirm\u00f3 la muerte de otro motociclista, Eduardo H. G., quien el s\u00e1bado tuvo un accidente, junto con otra persona, a bordo de su motocicleta en la calle Heroica Escuela Naval Militar esquina con Sabinos de la colonia Reforma, en la capital.<\/p>\n\n\n\n<p>Igualmente, en la carretera local a Santa Catarina Minas, Ocotl\u00e1n, un veh\u00edculo particular compacto sufri\u00f3 un percance, con saldo de una persona fallecida.<\/p>\n\n\n\n<p>El s\u00e1bado ocurrieron dos accidentes fatales, donde un cami\u00f3n de pasajeros atropell\u00f3 a una persona con discapacidad en el municipio de Salina Cruz, mientras que en Mat\u00edas Romero, una adulta mayor fue arrollada por un cami\u00f3n de carga; ambos perdieron la vida.<\/p>\n\n\n\n<p>El s\u00e1bado por la tarde, otra persona fue atropellada, en la carretera federal 175 Oaxaca-Puerto \u00c1ngel, a la altura del crucero de la Y, jurisdicci\u00f3n de la Villa de Zaachila; fue trasladada a un hospital, donde muri\u00f3 posteriormente.<\/p>\n\n\n\n<p>El s\u00e1bado ocurri\u00f3 otro percance en el municipio de Salina Cruz, donde dos motociclistas se impactaron y resultaron lesionados, uno de los cuales, Luis Iv\u00e1n A., perdi\u00f3 la vida a causa de la gravedad de las lesiones.<\/p>\n","protected":false},"excerpt":{"rendered":"<p>Raymundo Morales\/Zona Roja. Oaxaca, Oax., a 18 de agosto de 2025.- Al menos una veintena&hellip;<\/p>\n","protected":false},"author":2,"featured_media":83637,"comment_status":"closed","ping_status":"open","sticky":false,"template":"","format":"standard","meta":{"_lmt_disableupdate":"","_lmt_disable":"","_jetpack_memberships_contains_paid_content":false,"footnotes":""},"categories":[109,51],"tags":[3416],"class_list":["post-83636","post","type-post","status-publish","format-standard","has-post-thumbnail","hentry","category-minuto-a-minuto","category-zona-roja","tag-accidentes-carreteros-oaxaca"],"jetpack_featured_media_url":"https:\/\/zonaroja.com.mx\/wp-content\/uploads\/2025\/08\/Motocicleta-accidente.jpeg","jetpack_sharing_enabled":true,"_links":{"self":[{"href":"https:\/\/zonaroja.com.mx\/index.php?rest_route=\/wp\/v2\/posts\/83636","targetHints":{"allow":["GET"]}}],"collection":[{"href":"https:\/\/zonaroja.com.mx\/index.php?rest_route=\/wp\/v2\/posts"}],"about":[{"href":"https:\/\/zonaroja.com.mx\/index.php?rest_route=\/wp\/v2\/types\/post"}],"author":[{"embeddable":true,"href":"https:\/\/zonaroja.com.mx\/index.php?rest_route=\/wp\/v2\/users\/2"}],"replies":[{"embeddable":true,"href":"https:\/\/zonaroja.com.mx\/index.php?rest_route=%2Fwp%2Fv2%2Fcomments&post=83636"}],"version-history":[{"count":1,"href":"https:\/\/zonaroja.com.mx\/index.php?rest_route=\/wp\/v2\/posts\/83636\/revisions"}],"predecessor-version":[{"id":83638,"href":"https:\/\/zonaroja.com.mx\/index.php?rest_route=\/wp\/v2\/posts\/83636\/revisions\/83638"}],"wp:featuredmedia":[{"embeddable":true,"href":"https:\/\/zonaroja.com.mx\/index.php?rest_route=\/wp\/v2\/media\/83637"}],"wp:attachment":[{"href":"https:\/\/zonaroja.com.mx\/index.php?rest_route=%2Fwp%2Fv2%2Fmedia&parent=83636"}],"wp:term":[{"taxonomy":"category","embeddable":true,"href":"https:\/\/zonaroja.com.mx\/index.php?rest_route=%2Fwp%2Fv2%2Fcategories&post=83636"},{"taxonomy":"post_tag","embeddable":true,"href":"https:\/\/zonaroja.com.mx\/index.php?rest_route=%2Fwp%2Fv2%2Ftags&post=83636"}],"curies":[{"name":"wp","href":"https:\/\/api.w.org\/{rel}","templated":true}]}}