{"id":83639,"date":"2025-08-18T11:15:00","date_gmt":"2025-08-18T17:15:00","guid":{"rendered":"https:\/\/zonaroja.com.mx\/?p=83639"},"modified":"2025-08-18T08:07:38","modified_gmt":"2025-08-18T14:07:38","slug":"emboscan-a-policias-comunitarios-en-ayutla-10-muertos-y-5-heridos","status":"publish","type":"post","link":"https:\/\/zonaroja.com.mx\/?p=83639","title":{"rendered":"Emboscan a polic\u00edas comunitarios en Ayutla; 10 muertos y 5 heridos"},"content":{"rendered":"\n<p>Redacci\u00f3n\/Zona Roja Cdmx.<\/p>\n\n\n\n<p>Ciudad de M\u00e9xico, a 18 de agosto de 2025.- Diez integrantes de la Uni\u00f3n de Pueblos y Organizaciones del Estado de Guerrero (Upoeg) fueron asesinados y cinco resultaron lesionados en el municipio ind\u00edgena mixteco de Ayutla de los Libres, en la Costa Chica de Guerrero, informaron habitantes de la comunidad El Cortijo.<\/p>\n\n\n\n<p>En la p\u00e1gina de Facebook Ayutla Pueblito Bello, los lugare\u00f1os difundieron una fotograf\u00eda con los f\u00e9retros de ocho de los 10 polic\u00edas comunitarios abatidos, de los cuales siete eran originarios de El Cortijo, dos del poblado El Rinc\u00f3n y uno de Cuanacuazapa.<\/p>\n\n\n\n<p>En respuesta, fuentes del gobierno estatal dieron a conocer que se puso en marcha un operativo conjunto en el que incluso habr\u00edan participado fuerzas federales que se trasladaron al lugar, donde fue localizada una camioneta baleada pero no encontraron a ninguna persona fallecida. Indicaron que en el sitio se instal\u00f3 una Base de Operaciones Mixta.<\/p>\n\n\n\n<p>Ayer por la ma\u00f1ana fueron notificados de que en una presunta emboscada habr\u00eda privado de la vida a al menos ocho integrantes de la Upoeg y cinco habr\u00edan quedado lesionados, quienes fueron trasladados de urgencia al hospital IMSS-Bienestar de Ayutla.<\/p>\n\n\n\n<p>Por la tarde, la Fiscal\u00eda General del Estado (FGE) y la Secretar\u00eda de Seguridad P\u00fablica Estatal mencionaron el hecho, aunque oficialmente no existe reporte oficial alguno.<\/p>\n\n\n\n<p>En regi\u00f3n Costa Chica, debido a asaltos y violaciones de mujeres, se instal\u00f3 en 2014 la Casa de Justicia de El Para\u00edso en Ayutla de los Libres de la Coordinadora Regional de Autoridades Comunitarias-Polic\u00eda Comunitaria (CRAC-PC). Sin embargo, varios de sus dirigentes fueron encarcelados, la mayor\u00eda en el Centro de Readaptaci\u00f3n Social de Acapulco.<\/p>\n\n\n\n<p>Adem\u00e1s, de unos a\u00f1os a la fecha, los grupos criminales Los Ardillos y Los Rusos se disputan el territorio para el trasiego de droga, por lo que son frecuentes los enfrentamientos.<\/p>\n\n\n\n<p>Una versi\u00f3n no confirmada oficialmente indica que la emboscada a los polic\u00edas comunitarios de la Upoeg, originarios de la comunidad de El Cortijo, ocurri\u00f3 cuando se dirig\u00edan a la vecina poblaci\u00f3n El Rinc\u00f3n.<\/p>\n\n\n\n<p>Estas localidades se ubican en la parte media de la cabecera municipal de Ayutla de los Libres, que se rige por usos y costumbres y se ubica a unos 139 kil\u00f3metros del puerto de Acapulco.<\/p>\n\n\n\n<p>El dirigente de la Upoeg, Bruno Pl\u00e1cido Valerio, asesinado en octubre de 2023 en Chilpancingo, durante muchos a\u00f1os mantuvo una relaci\u00f3n de respeto e incluso de coordinaci\u00f3n con la CRAC-PC, que se deterior\u00f3 por la actividad de grupos delictivos.<\/p>\n\n\n\n<p>Adem\u00e1s, se inform\u00f3 de manera extraoficial sobre la ejecuci\u00f3n de un sujeto conocido como El Nejo, mec\u00e1nico de la localidad de Tlalapa, en la cabecera municipal de Ayutla de los Libres.<\/p>\n\n\n\n<p>(Informaci\u00f3n de \u201cLa Jornada\u201d)<\/p>\n","protected":false},"excerpt":{"rendered":"<p>Redacci\u00f3n\/Zona Roja Cdmx. Ciudad de M\u00e9xico, a 18 de agosto de 2025.- Diez integrantes de&hellip;<\/p>\n","protected":false},"author":2,"featured_media":83640,"comment_status":"closed","ping_status":"open","sticky":false,"template":"","format":"standard","meta":{"_lmt_disableupdate":"","_lmt_disable":"","_jetpack_memberships_contains_paid_content":false,"footnotes":""},"categories":[109,51],"tags":[4107],"class_list":["post-83639","post","type-post","status-publish","format-standard","has-post-thumbnail","hentry","category-minuto-a-minuto","category-zona-roja","tag-masacre-guerrero"],"jetpack_featured_media_url":"https:\/\/zonaroja.com.mx\/wp-content\/uploads\/2025\/08\/Policias-comunitarios-Ayutla-guerrero.webp","jetpack_sharing_enabled":true,"_links":{"self":[{"href":"https:\/\/zonaroja.com.mx\/index.php?rest_route=\/wp\/v2\/posts\/83639","targetHints":{"allow":["GET"]}}],"collection":[{"href":"https:\/\/zonaroja.com.mx\/index.php?rest_route=\/wp\/v2\/posts"}],"about":[{"href":"https:\/\/zonaroja.com.mx\/index.php?rest_route=\/wp\/v2\/types\/post"}],"author":[{"embeddable":true,"href":"https:\/\/zonaroja.com.mx\/index.php?rest_route=\/wp\/v2\/users\/2"}],"replies":[{"embeddable":true,"href":"https:\/\/zonaroja.com.mx\/index.php?rest_route=%2Fwp%2Fv2%2Fcomments&post=83639"}],"version-history":[{"count":1,"href":"https:\/\/zonaroja.com.mx\/index.php?rest_route=\/wp\/v2\/posts\/83639\/revisions"}],"predecessor-version":[{"id":83641,"href":"https:\/\/zonaroja.com.mx\/index.php?rest_route=\/wp\/v2\/posts\/83639\/revisions\/83641"}],"wp:featuredmedia":[{"embeddable":true,"href":"https:\/\/zonaroja.com.mx\/index.php?rest_route=\/wp\/v2\/media\/83640"}],"wp:attachment":[{"href":"https:\/\/zonaroja.com.mx\/index.php?rest_route=%2Fwp%2Fv2%2Fmedia&parent=83639"}],"wp:term":[{"taxonomy":"category","embeddable":true,"href":"https:\/\/zonaroja.com.mx\/index.php?rest_route=%2Fwp%2Fv2%2Fcategories&post=83639"},{"taxonomy":"post_tag","embeddable":true,"href":"https:\/\/zonaroja.com.mx\/index.php?rest_route=%2Fwp%2Fv2%2Ftags&post=83639"}],"curies":[{"name":"wp","href":"https:\/\/api.w.org\/{rel}","templated":true}]}}