{"id":83642,"date":"2025-08-18T10:28:00","date_gmt":"2025-08-18T16:28:00","guid":{"rendered":"https:\/\/zonaroja.com.mx\/?p=83642"},"modified":"2025-08-18T11:14:24","modified_gmt":"2025-08-18T17:14:24","slug":"opinion-calenturas-tempraneras-fuego-amigo-contra-jaristas","status":"publish","type":"post","link":"https:\/\/zonaroja.com.mx\/?p=83642","title":{"rendered":"Opini\u00f3n. \u00bf\u201cCalenturas tempraneras\u201d? \u00bf\u201cFuego amigo\u201d contra jaristas?"},"content":{"rendered":"\n<p>Ismael Garc\u00eda M.\/Zona Roja.<\/p>\n\n\n\n<p>Oaxaca, Oax., a 18 de agosto de 2025.- Tres recientes hechos en la vida pol\u00edtica del estado revelan una sucesi\u00f3n gubernamental adelantada, pero tambi\u00e9n marcan a\u00fan m\u00e1s las diferencias pol\u00edticas en el interior del Partido Morena, que pueden terminar en divisiones y, en consecuencia, en derrotas.<\/p>\n\n\n\n<p>Faltan m\u00e1s de tres a\u00f1os para que termine el sexenio del morenista Salom\u00f3n Jara Cruz pero tal parece que sus propios compa\u00f1eros de gabinete est\u00e1n empe\u00f1ados en demostrar el nulo inter\u00e9s que tienen por el desarrollo de la entidad; en lugar de ello, se puyan y pelean, generando crisis gubernamentales cotidianas.<\/p>\n\n\n\n<p>\u00bfLa oposici\u00f3n partidista? No hay, pues el PRI y el PAN, otrora poderosos, est\u00e1n pr\u00e1cticamente aniquilados y carecen ya de militantes; los \u00fanicos que quedan son las dirigencias que, como hemos dicho, est\u00e1n solamente para cobrar y derrochar las prerrogativas presupuestales.<\/p>\n\n\n\n<p>En cambio, crecen d\u00eda con d\u00eda las diferencias entre diversos grupos morenistas que apuestan cotidianamente por minar la fuerza pol\u00edtica del mandatario estatal, con miras a frenar su proyecto pol\u00edtico de sucesi\u00f3n.<\/p>\n\n\n\n<p>Pero, en lugar de pleitos internos y externos por ambiciones personales y grupales, deber\u00edan unirse todos, s\u00ed, pero en las tareas de combate a la marginaci\u00f3n social y la pobreza que, seg\u00fan el Inegi, siguen teniendo a la entidad en el antepen\u00faltimo lugar&nbsp; a Oaxaca.<\/p>\n\n\n\n<p>Si el mismo inter\u00e9s que ponen en la pol\u00edtica la pusieran en apoyar a los oaxaque\u00f1os, otra historia tendr\u00eda la entidad.<\/p>\n\n\n\n<p>SENADORA ENDEBLE<\/p>\n\n\n\n<p>Apenas el pasado s\u00e1bado 16 de agosto, la senadora por Morena, Luisa Cort\u00e9s Garc\u00eda, efectu\u00f3 un desangelado informe de labores legislativas, en la Alameda de Le\u00f3n de la capital. <\/p>\n\n\n\n<p>El antecedente de su suplente Nathaly Viridiana Ch\u00e1vez Garc\u00eda con su borrachera, as\u00ed como su nulo desempe\u00f1o en la C\u00e1mara alta, la hizo llegar endeble, y sin respaldo social.<\/p>\n\n\n\n<p>Pero lo que llam\u00f3 la atenci\u00f3n fueron los pol\u00edticos que acudieron a su actividad y el cuasi destape como candidata a la gubernatura, mediante gritos alentados desde los seguidores de la miahuateca.<\/p>\n\n\n\n<p>El principal impulsor, el diputado federal por Itztapalapa, Ciudad de M\u00e9xico, Gabriel Garc\u00eda Hern\u00e1ndez, quien lanz\u00f3 las arengas a favor de Luisa Cort\u00e9s.<\/p>\n\n\n\n<p>La mayor\u00eda de los asistentes, opositores, o cuando menos ajenos al proyecto de Jara Cruz tienen una caracter\u00edstica: no comulgan con el proyecto gubernamental.<\/p>\n\n\n\n<p>Como es el caso de quien fuera su suplente en el Senado, Adolfo G\u00f3mez Hern\u00e1ndez, quien termin\u00f3 distanciado del actual mandatario e incluso promovi\u00f3 algunas protestas en contra del gobierno.<\/p>\n\n\n\n<p>O el otrora poderoso pol\u00edtico de izquierda, H\u00e9ctor S\u00e1nchez L\u00f3pez, beneficiado de la 4T con un cargo burocr\u00e1tico desde el sexenio de Andr\u00e9s Manuel L\u00f3pez Obrador, pero que jam\u00e1s se le ha visto llegar p\u00fablicamente para respaldar a la administraci\u00f3n estatal.<\/p>\n\n\n\n<p>Irma Juan Carlos, en segundo periodo de diputada federal, tambi\u00e9n se sum\u00f3 el fin de semana; y tambi\u00e9n mantiene su distancia con los jaristas.<\/p>\n\n\n\n<p>Otro que busca la ruta sucesoria, Armando Contreras Castillo, actual titular del Instituto Nacional para la Educaci\u00f3n de los Adultos, igualmente respald\u00f3 a la senadora morenista, primera dirigente del partido guinda en la entidad.<\/p>\n\n\n\n<p>Contreras, quien fue funcionario en el sexenio del priista Ulises Ruiz Ortiz, ha vegetado como supuesto morenista, apoyado \u00fanicamente por el reducido grupo pol\u00edtico de Ericel G\u00f3mez Nucamendi; una trayectoria totalmente gris, separado de los morenistas en el poder.<\/p>\n\n\n\n<p>Aparecieron adem\u00e1s la ex directora del Cobao, Ver\u00f3nica Hern\u00e1ndez, sobre quien pesa una investigaci\u00f3n por m\u00faltiples irregularidades a su paso por el Cobao en el actual sexenio; Liz Arroyo, ex diputada local distanciada con la dirigencia y los pol\u00edticos morenistas actuales, y sin respaldo nacional.<\/p>\n\n\n\n<p>Escondido entre la gente, Samuel Gurri\u00f3n Mat\u00edas, ex diputado local priista quien, tras dejar el cargo, ha sido separado del grupo de Salom\u00f3n Jara y opt\u00f3 por irse a respaldar a la ministra Yasm\u00edn Esquivel.&nbsp;<\/p>\n\n\n\n<p>Antonino Morales, el \u00fanico de los senadores que acudi\u00f3, por cortes\u00eda pol\u00edtica, al informe de su compa\u00f1era de bancada.<\/p>\n\n\n\n<p>Luisa Cort\u00e9s Garc\u00eda no se mueve sola ni tiene la fuerza suficiente para ser candidata al gobierno de Oaxaca: mueven sus hilos a nivel nacional, principalmente un grupo de obradoristas. Pero su p\u00e9simo desempe\u00f1o en el Senado la tienen muy lejos de las simpat\u00edas locales.<\/p>\n\n\n\n<p>RUIDO JUDICIAL<\/p>\n\n\n\n<p>Otra reuni\u00f3n que llam\u00f3 la atenci\u00f3n la semana pasada fue la de ex priistas, neomorenistas y defenestrados en el actual sexenio, con el pr\u00f3ximo presidente de la Suprema Corte de Justicia de la Naci\u00f3n, Hugo Aguilar Ortiz.<\/p>\n\n\n\n<p>Como hemos dicho, Ortiz es hechura 100 por ciento de Adelfo Regino Montes, con quien ha trabajado desde el organismo civil Servicios del Pueblo Mixe hasta el Instituto Nacional de Pueblos Ind\u00edgenas.<\/p>\n\n\n\n<p>Ser\u00e1 hasta el 1 de septiembre en que asuma el cargo pero desde ya, un grupo pol\u00edtico de neomorenistas lo placea a su antojo, al grado de permitir jaloneos groseros en actos p\u00fablicos, como el que le hizo Ricardo Monreal.<\/p>\n\n\n\n<p>Con el pr\u00f3ximo ministro estuvieron ni m\u00e1s ni menos que el diodorista Sadot S\u00e1nchez Carre\u00f1o; el muratista Rub\u00e9n Vasconcelos M\u00e9ndez, por cuyo p\u00e9simo desempe\u00f1o en la Fiscal\u00eda General del Estado tuvo que buscar oportunidades fuera de Oaxaca.<\/p>\n\n\n\n<p>Pedro \u00c1ngeles Morales, oaxaque\u00f1o secretario de Marina, que en lugar de cuidar su alto cargo, se inmiscuye en la pol\u00edtica; Armando Contreras Castillo, otra vez buscando cualquier clase de reflectores, pese a su gris desempe\u00f1o.<\/p>\n\n\n\n<p>Er\u00e9ndira Cruzvillegas, quien fuera funcionaria de derechos humanos con Gabino Cu\u00e9 y actualmente consejera jur\u00eddica de la Ciudad de M\u00e9xico; Anabel L\u00f3pez S\u00e1nchez, siempre del equipo de Adelfo Regino y ahora en la Secretar\u00eda de las Mujeres federal.<\/p>\n\n\n\n<p>Adem\u00e1s, Luis Miguel Santib\u00e1\u00f1ez, ex funcionario del IEEPCO y pieza de anta\u00f1o del priista Jos\u00e9 Antonio Hern\u00e1ndez Fraguas, tambi\u00e9n presente; David Colmenares P\u00e1ramo, actual titular de la Auditor\u00eda Superior de la Federaci\u00f3n y parte del disminuido equipo de Ericel G\u00f3mez Nucamendi.<\/p>\n\n\n\n<p>Hasta Netzahualc\u00f3yotl Salvatierra, ex secretario de las Infraestructuras con Salom\u00f3n Jara, estuvo en la actividad privada. Tambi\u00e9n Alberto Vargas Varela, compa\u00f1ero de gabinete, por cierto, de Salvatierra, con Gabino Cu\u00e9.<\/p>\n\n\n\n<p>Entre otros, Luis Antonio Ram\u00edrez Pineda, alguna vez aspirante a la gubernatura pero sin respaldo pol\u00edtico; el hijo del ex gobernador priista Heladio Ram\u00edrez L\u00f3pez sigue de bur\u00f3crata con la 4T desde el sexenio de L\u00f3pez Obrador.<\/p>\n\n\n\n<p>Y \u201calguien\u201d o algunos ya est\u00e1n calentando a la cabeza a Hugo Aguilar, por cierto sin experiencia en la carrera judicial, para que pudiera encabezar los destinos de Oaxaca en pr\u00f3ximo sexenio. Imposible.<\/p>\n\n\n\n<p>\u00bfOTRA VEZ?<\/p>\n\n\n\n<p>Mientras tanto, Susana Harp Iturribarr\u00eda, sin ning\u00fan respaldo popular m\u00e1s que el hilo nacional que la mueve desde el sexenio anterior, con iniciales L\u00f3pez Obrador, sigue generando peque\u00f1o ruidos sucesorios con visitas furtivas.<\/p>\n\n\n\n<p>Mantiene muy disminuido su antiguo equipo de trabajo y hasta los Sosa Villavicencio se han separado de su proyecto pol\u00edtico. Pero ella alega que dos periodos en el Senado, le dan la \u201cexperiencia\u201d para buscar de nuevo la candidatura al gobierno.<\/p>\n\n\n\n<p>Y de dulce, de chile y de manteca, otra vez Ra\u00fal Bola\u00f1os Cacho Cu\u00e9, impulsado \u00fanicamente por el ulisista-muratista Alejandro Avil\u00e9s, quien lo \u201cdestap\u00f3\u201d hace unos d\u00edas. El ex senador y actual diputado federal sigue Verde, pero menospreciando a los oaxaque\u00f1os dice que quiere la gubernatura.<\/p>\n\n\n\n<p>No ha manifestado, por cierto, ning\u00fan respaldo pol\u00edtico hacia Salom\u00f3n Jara y su grupo, pese a que supuestamente son de la misma \u201ctransformaci\u00f3n\u201d.<\/p>\n\n\n\n<p>\u00bfUlises Ruiz? \u00bfSof\u00eda Castro R\u00edos? Desde el 2006, el ex gobernador priista no ha podido despegar en ninguno de sus proyectos pol\u00edticos, ninguno, y da palos de ciego; seguir\u00e1 dando palos de ciego.<\/p>\n\n\n\n<p>REACOMODOS<\/p>\n\n\n\n<p>Lo que en realidad debiera preocupar al gobernador Salom\u00f3n Jara Cruz no son las aspiraciones que surgen para sucederlo, sino la deslealtad y desd\u00e9n por parte de varios de sus funcionarios.<\/p>\n\n\n\n<p>La abulia para realmente acompa\u00f1ar con sus esfuerzos al gobierno morenista, que est\u00e1 a punto de cumplir la mitad del sexenio.<\/p>\n\n\n\n<p>De poco sirve que el gobernador despierte temprano para trabajar y est\u00e9 en las comunidades la mitad de la semana si no hay trabajo real por parte de sus funcionarios.&nbsp;<\/p>\n\n\n\n<p>\u00bfNo cada d\u00eda hay protestas y bloqueos en la capital y en distintas regiones del estado, sin que haya contenci\u00f3n o prevenci\u00f3n? \u00bfRealmente el campo tiene los apoyos suficientes? \u00bfEn d\u00f3nde est\u00e1 la labor en materia educativa, tanto del IEEPO como de la SEP local? \u00bfQu\u00e9 hace la secretaria del Trabajo?<\/p>\n\n\n\n<p>Hay muchos ejemplos de funcionarios y funcionarias que solo vegetan, que simulan trabajar ante su jefe pol\u00edtico.&nbsp;<\/p>\n\n\n\n<p>Mientras tanto, hay demasiados ataques internos, cuyas v\u00edctimas aseguran que provienen desde la Secretar\u00eda de Gobierno, y que minan los esfuerzos gubernamentales.&nbsp;<\/p>\n\n\n\n<p>En puerta el proceso de revocaci\u00f3n de mandato, que no podr\u00e1 en riesgo la permanencia de Jara Cruz; pero ya es necesario, urgentes, los cambios en el gabinete si se quiere enderezar el barco gubernamental y conocer realmente las lealtades de los jaristas.<\/p>\n","protected":false},"excerpt":{"rendered":"<p>Ismael Garc\u00eda M.\/Zona Roja. Oaxaca, Oax., a 18 de agosto de 2025.- Tres recientes hechos&hellip;<\/p>\n","protected":false},"author":2,"featured_media":67529,"comment_status":"closed","ping_status":"open","sticky":false,"template":"","format":"standard","meta":{"_lmt_disableupdate":"","_lmt_disable":"","_jetpack_memberships_contains_paid_content":false,"footnotes":""},"categories":[456,109,48],"tags":[1353],"class_list":["post-83642","post","type-post","status-publish","format-standard","has-post-thumbnail","hentry","category-columna","category-minuto-a-minuto","category-zona-critica","tag-opinion-zona-critica"],"jetpack_featured_media_url":"https:\/\/zonaroja.com.mx\/wp-content\/uploads\/2024\/04\/Opinion-Zona-Critica-Ismael-Garcia.jpg","jetpack_sharing_enabled":true,"_links":{"self":[{"href":"https:\/\/zonaroja.com.mx\/index.php?rest_route=\/wp\/v2\/posts\/83642","targetHints":{"allow":["GET"]}}],"collection":[{"href":"https:\/\/zonaroja.com.mx\/index.php?rest_route=\/wp\/v2\/posts"}],"about":[{"href":"https:\/\/zonaroja.com.mx\/index.php?rest_route=\/wp\/v2\/types\/post"}],"author":[{"embeddable":true,"href":"https:\/\/zonaroja.com.mx\/index.php?rest_route=\/wp\/v2\/users\/2"}],"replies":[{"embeddable":true,"href":"https:\/\/zonaroja.com.mx\/index.php?rest_route=%2Fwp%2Fv2%2Fcomments&post=83642"}],"version-history":[{"count":2,"href":"https:\/\/zonaroja.com.mx\/index.php?rest_route=\/wp\/v2\/posts\/83642\/revisions"}],"predecessor-version":[{"id":83653,"href":"https:\/\/zonaroja.com.mx\/index.php?rest_route=\/wp\/v2\/posts\/83642\/revisions\/83653"}],"wp:featuredmedia":[{"embeddable":true,"href":"https:\/\/zonaroja.com.mx\/index.php?rest_route=\/wp\/v2\/media\/67529"}],"wp:attachment":[{"href":"https:\/\/zonaroja.com.mx\/index.php?rest_route=%2Fwp%2Fv2%2Fmedia&parent=83642"}],"wp:term":[{"taxonomy":"category","embeddable":true,"href":"https:\/\/zonaroja.com.mx\/index.php?rest_route=%2Fwp%2Fv2%2Fcategories&post=83642"},{"taxonomy":"post_tag","embeddable":true,"href":"https:\/\/zonaroja.com.mx\/index.php?rest_route=%2Fwp%2Fv2%2Ftags&post=83642"}],"curies":[{"name":"wp","href":"https:\/\/api.w.org\/{rel}","templated":true}]}}