{"id":83644,"date":"2025-08-18T11:34:00","date_gmt":"2025-08-18T17:34:00","guid":{"rendered":"https:\/\/zonaroja.com.mx\/?p=83644"},"modified":"2025-08-18T09:36:07","modified_gmt":"2025-08-18T15:36:07","slug":"acuden-funcionarios-a-yalalag-para-reiterar-respaldo-a-los-artesanos","status":"publish","type":"post","link":"https:\/\/zonaroja.com.mx\/?p=83644","title":{"rendered":"Acuden funcionarios a Yal\u00e1lag para reiterar respaldo a los artesanos"},"content":{"rendered":"\n<p>Redacci\u00f3n\/Zona Roja.&nbsp;<\/p>\n\n\n\n<p>Oaxaca, Oax., a 18 de agosto de 2025.\u2013 Funcionarios del gobierno de Oaxaca estuvieron este domingo en Villa Hidalgo Yal\u00e1lag, para dar seguimiento al caso de apropiaci\u00f3n cultural de los huaraches, por parte de la empresa Adidas y el dise\u00f1ador Willy Chavarr\u00eda.<\/p>\n\n\n\n<p>En un comunicado, el gobierno estatal inform\u00f3 que, entre las tres principales peticiones realizadas por la comunidad destacan: la construcci\u00f3n de una Casa de la Cultura para preservar expresiones como el textil, el bordado, el huipil, el huarache tradicional, la gastronom\u00eda y el sombrero t\u00edpico.<\/p>\n\n\n\n<p>Adem\u00e1s, el equipamiento de un laboratorio de an\u00e1lisis cl\u00ednicos para mejorar la atenci\u00f3n en salud comunitaria; y la consolidaci\u00f3n de una unidad deportiva, que fomente la actividad f\u00edsica y la integraci\u00f3n social.<\/p>\n\n\n\n<p>Adicionalmente, la comunidad manifest\u00f3 la inquietud de solicitar becas educativas y una propuesta para el tratamiento del agua, subrayando que estas acciones deben complementarse con iniciativas en salud, cultura, deporte y educaci\u00f3n.<\/p>\n\n\n\n<p>Las y los habitantes recalcaron que \u201cno se est\u00e1 vendiendo la cultura, se est\u00e1 reparando un da\u00f1o\u201d, y que las acciones acordadas deben fortalecer la identidad y autodeterminaci\u00f3n ind\u00edgena.<\/p>\n\n\n\n<p>Asimismo, se inform\u00f3 que la empresa Adidas ha mostrado apertura para una negociaci\u00f3n amigable, con disposici\u00f3n a emitir una disculpa p\u00fablica y presencial, adem\u00e1s del retiro definitivo del producto.&nbsp;<\/p>\n\n\n\n<p>Incluso se considera la redacci\u00f3n de la disculpa en idioma zapoteco y la visita oficial de representantes de la empresa a Yal\u00e1lag, programada tentativamente para esta semana.<\/p>\n\n\n\n<p>En representaci\u00f3n del Gobierno de Oaxaca, que encabeza Salom\u00f3n Jara Cruz, estuvieron los titulares de las secretar\u00edas de las Culturas y Artes de Oaxaca (Seculta), Flavio Sosa Villavicencio; y de Desarrollo Econ\u00f3mico (Sedeco), Ra\u00fal Ruiz Robles.<\/p>\n\n\n\n<p>As\u00ed como del Instituto Nacional del Derecho de Autor (Indautor), Karina Luj\u00e1n y la representante de la Diosa Cent\u00e9otl 2025, Patricia Casiano Zaragoza; el Gobierno del Estado reiter\u00f3 su disposici\u00f3n como mediador, buscando que este caso siente un precedente a nivel nacional e internacional.<\/p>\n","protected":false},"excerpt":{"rendered":"<p>Redacci\u00f3n\/Zona Roja.&nbsp; Oaxaca, Oax., a 18 de agosto de 2025.\u2013 Funcionarios del gobierno de Oaxaca&hellip;<\/p>\n","protected":false},"author":2,"featured_media":83645,"comment_status":"closed","ping_status":"open","sticky":false,"template":"","format":"standard","meta":{"_lmt_disableupdate":"","_lmt_disable":"","_jetpack_memberships_contains_paid_content":false,"footnotes":""},"categories":[109,47],"tags":[2356],"class_list":["post-83644","post","type-post","status-publish","format-standard","has-post-thumbnail","hentry","category-minuto-a-minuto","category-zona-gris","tag-villa-hidalgo-yalalag"],"jetpack_featured_media_url":"https:\/\/zonaroja.com.mx\/wp-content\/uploads\/2025\/08\/Flavio-Sosa-Yalalag-huaraches.jpg","jetpack_sharing_enabled":true,"_links":{"self":[{"href":"https:\/\/zonaroja.com.mx\/index.php?rest_route=\/wp\/v2\/posts\/83644","targetHints":{"allow":["GET"]}}],"collection":[{"href":"https:\/\/zonaroja.com.mx\/index.php?rest_route=\/wp\/v2\/posts"}],"about":[{"href":"https:\/\/zonaroja.com.mx\/index.php?rest_route=\/wp\/v2\/types\/post"}],"author":[{"embeddable":true,"href":"https:\/\/zonaroja.com.mx\/index.php?rest_route=\/wp\/v2\/users\/2"}],"replies":[{"embeddable":true,"href":"https:\/\/zonaroja.com.mx\/index.php?rest_route=%2Fwp%2Fv2%2Fcomments&post=83644"}],"version-history":[{"count":1,"href":"https:\/\/zonaroja.com.mx\/index.php?rest_route=\/wp\/v2\/posts\/83644\/revisions"}],"predecessor-version":[{"id":83646,"href":"https:\/\/zonaroja.com.mx\/index.php?rest_route=\/wp\/v2\/posts\/83644\/revisions\/83646"}],"wp:featuredmedia":[{"embeddable":true,"href":"https:\/\/zonaroja.com.mx\/index.php?rest_route=\/wp\/v2\/media\/83645"}],"wp:attachment":[{"href":"https:\/\/zonaroja.com.mx\/index.php?rest_route=%2Fwp%2Fv2%2Fmedia&parent=83644"}],"wp:term":[{"taxonomy":"category","embeddable":true,"href":"https:\/\/zonaroja.com.mx\/index.php?rest_route=%2Fwp%2Fv2%2Fcategories&post=83644"},{"taxonomy":"post_tag","embeddable":true,"href":"https:\/\/zonaroja.com.mx\/index.php?rest_route=%2Fwp%2Fv2%2Ftags&post=83644"}],"curies":[{"name":"wp","href":"https:\/\/api.w.org\/{rel}","templated":true}]}}