{"id":83647,"date":"2025-08-18T12:36:00","date_gmt":"2025-08-18T18:36:00","guid":{"rendered":"https:\/\/zonaroja.com.mx\/?p=83647"},"modified":"2025-08-18T09:38:30","modified_gmt":"2025-08-18T15:38:30","slug":"sin-servicios-la-mitad-de-las-viviendas-en-oaxaca-guerrero-y-chiapas-inegi","status":"publish","type":"post","link":"https:\/\/zonaroja.com.mx\/?p=83647","title":{"rendered":"Sin servicios, la mitad de las viviendas en Oaxaca, Guerrero y Chiapas: Inegi"},"content":{"rendered":"\n<p>Redacci\u00f3n\/Zona Roja Cdmx.<\/p>\n\n\n\n<p>Ciudad de M\u00e9xico, a 18 de agosto de 2025.- Pr\u00e1cticamente la mitad de la poblaci\u00f3n de Chiapas, Guerrero y Oaxaca no tienen servicios b\u00e1sicos en sus viviendas \u2013como agua entubada, drenaje, servicio sanitario y energ\u00eda el\u00e9ctrica\u2013, lo que al menos triplica el rezago que hay en el resto del pa\u00eds, revela la m\u00e1s reciente Encuesta sobre Ingreso y Gasto de los Hogares (Enigh).<\/p>\n\n\n\n<p>Alrededor de 18.4 millones de personas en el pa\u00eds sufrieron en 2024 la carencia por acceso a los servicios b\u00e1sicos en su vivienda, lo que equivale a 14.1 por ciento de la poblaci\u00f3n en el pa\u00eds, muestran los datos del Instituto Nacional de Estad\u00edstica y Geograf\u00eda (Inegi).<\/p>\n\n\n\n<p>Aunque este n\u00famero de personas con alg\u00fan tipo de carencia en su vivienda se redujo en 5.9 millones respecto a 2018 y en 4.5 comparado con 2020, los estados del sur a\u00fan exhiben un importante rezago en el acceso a servicios.<\/p>\n\n\n\n<p>Chiapas es la entidad federativa con mayor porcentaje de poblaci\u00f3n que habita viviendas con una o m\u00e1s carencias de servicios b\u00e1sicos, con 48.6 puntos, pr\u00e1cticamente la mitad; le siguen Guerrero y Oaxaca, con 47.4 y 46.7, respectivamente, muestra la Enigh 2024.<\/p>\n\n\n\n<p>Este rezago en el acceso a agua entubada, drenaje, servicio sanitario y energ\u00eda el\u00e9ctrica se refleja tambi\u00e9n en la proporci\u00f3n de poblaci\u00f3n en pobreza multidimensional.<\/p>\n\n\n\n<p>En 2024, dentro de las cinco entidades federativas con los porcentajes m\u00e1s altos de poblaci\u00f3n en situaci\u00f3n de pobreza multidimensional est\u00e1n estas tres entidades federativas. Chiapas, con 66 por ciento; Guerrero, con 58.1, y Oaxaca, con 51.6.<\/p>\n\n\n\n<p>Y as\u00ed como se tienen los estados con el mayor rezago en el acceso a servicios b\u00e1sicos para una vivienda, en el opuesto se encuentra Nuevo Le\u00f3n, donde s\u00f3lo 1.9 por ciento de la poblaci\u00f3n carece de agua entubada, drenaje, servicio sanitario o energ\u00eda el\u00e9ctrica.<\/p>\n\n\n\n<p>Le siguen Coahuila, con 1.9 por ciento; Aguascalientes, con 2, y la Ciudad de M\u00e9xico, con 2.4.<\/p>\n\n\n\n<p>A la vez, las cinco entidades con los porcentajes m\u00e1s bajos de pobreza multidimensional fueron Baja California, con 9.9 por ciento; Baja California Sur, con 10.2; Nuevo Le\u00f3n, con 10.6; Coahuila, con 12.4, y Sonora, con 14.1.<\/p>\n\n\n\n<p>El acceso a servicios b\u00e1sicos como el agua potable, la energ\u00eda o una vivienda digna es esencial para una vida viable. Sin embargo, las desigualdades y otros desaf\u00edos globales dificultan la consecuci\u00f3n de este acceso universal, algo que sigue siendo un reto en muchas partes del mundo, y en M\u00e9xico no es la excepci\u00f3n.<\/p>\n\n\n\n<p>A pesar de su importancia, el acceso a agua potable sigue siendo una barrera en muchas regiones, donde millones de personas no tienen instalaciones adecuadas para lavarse las manos con agua corriente.<\/p>\n\n\n\n<p>Otro de los servicios b\u00e1sicos que todav\u00eda genera desigualdad es el acceso a la energ\u00eda. A pesar de que su expansi\u00f3n ha comenzado a acelerarse, a\u00fan existen entidades rezagadas en el acceso a servicios modernos de electricidad.<\/p>\n\n\n\n<p>Esto dificulta enormemente la capacidad de trabajar, climatizar las viviendas o impulsar sectores como el de la agricultura o las comunicaciones, por ejemplo.<\/p>\n\n\n\n<p>Las disparidades en el acceso a servicios b\u00e1sicos como el agua y la electricidad crean una brecha significativa en la calidad de vida, especialmente en regiones con alta desigualdad socioecon\u00f3mica y urbanizaci\u00f3n no planificada.<\/p>\n\n\n\n<p>(Informaci\u00f3n de \u201cLa Jornada\u201d)<\/p>\n","protected":false},"excerpt":{"rendered":"<p>Redacci\u00f3n\/Zona Roja Cdmx. Ciudad de M\u00e9xico, a 18 de agosto de 2025.- Pr\u00e1cticamente la mitad&hellip;<\/p>\n","protected":false},"author":2,"featured_media":83648,"comment_status":"closed","ping_status":"open","sticky":false,"template":"","format":"standard","meta":{"_lmt_disableupdate":"","_lmt_disable":"","_jetpack_memberships_contains_paid_content":false,"footnotes":""},"categories":[109,47],"tags":[3678],"class_list":["post-83647","post","type-post","status-publish","format-standard","has-post-thumbnail","hentry","category-minuto-a-minuto","category-zona-gris","tag-pobreza-en-mexico"],"jetpack_featured_media_url":"https:\/\/zonaroja.com.mx\/wp-content\/uploads\/2025\/08\/Pobreza-en-Mexico.jpeg","jetpack_sharing_enabled":true,"_links":{"self":[{"href":"https:\/\/zonaroja.com.mx\/index.php?rest_route=\/wp\/v2\/posts\/83647","targetHints":{"allow":["GET"]}}],"collection":[{"href":"https:\/\/zonaroja.com.mx\/index.php?rest_route=\/wp\/v2\/posts"}],"about":[{"href":"https:\/\/zonaroja.com.mx\/index.php?rest_route=\/wp\/v2\/types\/post"}],"author":[{"embeddable":true,"href":"https:\/\/zonaroja.com.mx\/index.php?rest_route=\/wp\/v2\/users\/2"}],"replies":[{"embeddable":true,"href":"https:\/\/zonaroja.com.mx\/index.php?rest_route=%2Fwp%2Fv2%2Fcomments&post=83647"}],"version-history":[{"count":1,"href":"https:\/\/zonaroja.com.mx\/index.php?rest_route=\/wp\/v2\/posts\/83647\/revisions"}],"predecessor-version":[{"id":83649,"href":"https:\/\/zonaroja.com.mx\/index.php?rest_route=\/wp\/v2\/posts\/83647\/revisions\/83649"}],"wp:featuredmedia":[{"embeddable":true,"href":"https:\/\/zonaroja.com.mx\/index.php?rest_route=\/wp\/v2\/media\/83648"}],"wp:attachment":[{"href":"https:\/\/zonaroja.com.mx\/index.php?rest_route=%2Fwp%2Fv2%2Fmedia&parent=83647"}],"wp:term":[{"taxonomy":"category","embeddable":true,"href":"https:\/\/zonaroja.com.mx\/index.php?rest_route=%2Fwp%2Fv2%2Fcategories&post=83647"},{"taxonomy":"post_tag","embeddable":true,"href":"https:\/\/zonaroja.com.mx\/index.php?rest_route=%2Fwp%2Fv2%2Ftags&post=83647"}],"curies":[{"name":"wp","href":"https:\/\/api.w.org\/{rel}","templated":true}]}}