{"id":83654,"date":"2025-08-18T18:50:37","date_gmt":"2025-08-19T00:50:37","guid":{"rendered":"https:\/\/zonaroja.com.mx\/?p=83654"},"modified":"2025-08-18T18:50:39","modified_gmt":"2025-08-19T00:50:39","slug":"gestiona-edil-de-oaxaca-de-juarez-leche-para-el-bienestar-para-capitalinos","status":"publish","type":"post","link":"https:\/\/zonaroja.com.mx\/?p=83654","title":{"rendered":"Gestiona edil de Oaxaca de Ju\u00e1rez Leche para el bienestar para capitalinos"},"content":{"rendered":"\n<p>Redacci\u00f3n\/Zona Roja.<\/p>\n\n\n\n<p>Oaxaca, Oax., a 18 de agosto de 2025.- Con el prop\u00f3sito de ampliar el acceso a productos l\u00e1cteos de calidad y fortalecer acciones de bienestar social en beneficio de la poblaci\u00f3n m\u00e1s vulnerable, el ayuntamiento de Oaxaca de Ju\u00e1rez, que encabeza el presidente Ray Chagoya, firm\u00f3 un convenio de colaboraci\u00f3n con el programa federal Leche para el Bienestar.<\/p>\n\n\n\n<p>La alianza establece bases de coordinaci\u00f3n institucional para instalar puntos de distribuci\u00f3n en colonias y agencias de la ciudad, priorizando a ni\u00f1as, ni\u00f1os, personas adultas mayores y hogares en situaci\u00f3n de vulnerabilidad. Adem\u00e1s, se impulsar\u00e1n jornadas de orientaci\u00f3n alimentaria y nutricional de manera conjunta con el DIF Municipal y la Secretar\u00eda de Bienestar y Tequios Vecinales.<\/p>\n\n\n\n<p>Durante su mensaje, el presidente municipal Ray Chagoya destac\u00f3 que este esfuerzo representa un paso firme hacia una ciudad m\u00e1s solidaria y con mayor equidad social:&nbsp;<\/p>\n\n\n\n<p>\u201cNuestro objetivo es claro: que ninguna ni\u00f1a, ning\u00fan ni\u00f1o, ninguna persona adulta mayor quede atr\u00e1s en su derecho a una alimentaci\u00f3n adecuada. Con este convenio fortalecemos la red de apoyos para llegar a quienes m\u00e1s lo necesitan\u201d.<\/p>\n\n\n\n<p>En el acto protocolario estuvo presente V\u00edctor Hugo P\u00e9rez Pelayo Rojas, Gerente Nacional de Leche para el Bienestar del Gobierno de M\u00e9xico, quien refrend\u00f3 la voluntad de seguir colaborando estrechamente con el municipio para garantizar que este beneficio llegue de manera directa a las familias que m\u00e1s lo requieren.<\/p>\n\n\n\n<p>El convenio fue signado en presencia de autoridades municipales, estatales y representantes de Leche para el Bienestar. Entre los beneficios se contempla la coordinaci\u00f3n log\u00edstica de abastecimiento, difusi\u00f3n del programa y acompa\u00f1amiento t\u00e9cnico por parte de la federaci\u00f3n, mientras que el municipio brindar\u00e1 facilidades administrativas, coordinaci\u00f3n territorial y apoyo operativo a trav\u00e9s de sus \u00e1reas de bienestar y salud.<\/p>\n\n\n\n<p>Con esta acci\u00f3n, el Gobierno Municipal reafirma su compromiso de trabajar con constancia y cercan\u00eda, sumando esfuerzos con el Gobierno de M\u00e9xico para avanzar en la construcci\u00f3n de una capital m\u00e1s justa, limpia y segura.<\/p>\n","protected":false},"excerpt":{"rendered":"<p>Redacci\u00f3n\/Zona Roja. Oaxaca, Oax., a 18 de agosto de 2025.- Con el prop\u00f3sito de ampliar&hellip;<\/p>\n","protected":false},"author":2,"featured_media":83655,"comment_status":"closed","ping_status":"open","sticky":false,"template":"","format":"standard","meta":{"_lmt_disableupdate":"","_lmt_disable":"","_jetpack_memberships_contains_paid_content":false,"footnotes":""},"categories":[109,46],"tags":[148,4403],"class_list":["post-83654","post","type-post","status-publish","format-standard","has-post-thumbnail","hentry","category-minuto-a-minuto","category-zona-blanca","tag-oaxaca-de-juarez","tag-ray-chagoya"],"jetpack_featured_media_url":"https:\/\/zonaroja.com.mx\/wp-content\/uploads\/2025\/08\/Ray-Chagoya-Leche-Bienestar.jpeg","jetpack_sharing_enabled":true,"_links":{"self":[{"href":"https:\/\/zonaroja.com.mx\/index.php?rest_route=\/wp\/v2\/posts\/83654","targetHints":{"allow":["GET"]}}],"collection":[{"href":"https:\/\/zonaroja.com.mx\/index.php?rest_route=\/wp\/v2\/posts"}],"about":[{"href":"https:\/\/zonaroja.com.mx\/index.php?rest_route=\/wp\/v2\/types\/post"}],"author":[{"embeddable":true,"href":"https:\/\/zonaroja.com.mx\/index.php?rest_route=\/wp\/v2\/users\/2"}],"replies":[{"embeddable":true,"href":"https:\/\/zonaroja.com.mx\/index.php?rest_route=%2Fwp%2Fv2%2Fcomments&post=83654"}],"version-history":[{"count":1,"href":"https:\/\/zonaroja.com.mx\/index.php?rest_route=\/wp\/v2\/posts\/83654\/revisions"}],"predecessor-version":[{"id":83656,"href":"https:\/\/zonaroja.com.mx\/index.php?rest_route=\/wp\/v2\/posts\/83654\/revisions\/83656"}],"wp:featuredmedia":[{"embeddable":true,"href":"https:\/\/zonaroja.com.mx\/index.php?rest_route=\/wp\/v2\/media\/83655"}],"wp:attachment":[{"href":"https:\/\/zonaroja.com.mx\/index.php?rest_route=%2Fwp%2Fv2%2Fmedia&parent=83654"}],"wp:term":[{"taxonomy":"category","embeddable":true,"href":"https:\/\/zonaroja.com.mx\/index.php?rest_route=%2Fwp%2Fv2%2Fcategories&post=83654"},{"taxonomy":"post_tag","embeddable":true,"href":"https:\/\/zonaroja.com.mx\/index.php?rest_route=%2Fwp%2Fv2%2Ftags&post=83654"}],"curies":[{"name":"wp","href":"https:\/\/api.w.org\/{rel}","templated":true}]}}