{"id":83657,"date":"2025-08-18T20:32:14","date_gmt":"2025-08-19T02:32:14","guid":{"rendered":"https:\/\/zonaroja.com.mx\/?p=83657"},"modified":"2025-08-18T20:32:17","modified_gmt":"2025-08-19T02:32:17","slug":"beatriz-gutierrez-amaga-con-demandas-por-fake-news-de-mudanza-a-espana","status":"publish","type":"post","link":"https:\/\/zonaroja.com.mx\/?p=83657","title":{"rendered":"Beatriz Guti\u00e9rrez \u2018amaga\u2019 con demandas por \u2018fake news\u2019 de mudanza a Espa\u00f1a"},"content":{"rendered":"\n<p>Redacci\u00f3n\/Zona Roja Cdmx. Imagen: Telediario<\/p>\n\n\n\n<p>Ciudad de M\u00e9xico, a 18 de agosto de 2025.- Al nuevo Poder Judicial ya le espera una posible demanda: La de Beatriz Guti\u00e9rrez M\u00fcller quien neg\u00f3 haberse mudado a Espa\u00f1a, esto tras el fin del sexenio de Andr\u00e9s Manuel L\u00f3pez Obrador, su esposo.<\/p>\n\n\n\n<p>La escritora acus\u00f3 que en el diario \u201cABC\u201d (medio que public\u00f3 primero la falsa noticia) hay \u201ccalumniadores profesionales de la derecha\u201d que buscan \u201cvengarse\u201d del expresidente L\u00f3pez Obrador, quien se mud\u00f3 a su finca en Palenque tras el final de su Gobierno.<\/p>\n\n\n\n<p>Epigmenio Ibarra, colaborador de AMLO, se uni\u00f3 a las cr\u00edticas. \u201cA qu\u00e9 horas comienzan a ofrecer disculpas? Mintieron otra vez! Dieron rienda suelta a su rabia contra AMLO\u201d, recrimin\u00f3 el productor a los medios y periodistas que difundieron la supuesta mudanza de Beatriz Guti\u00e9rrez M\u00fcller y su hijo Jes\u00fas Ernesto a Espa\u00f1a.<\/p>\n\n\n\n<p>En su cuenta de X (antes Twitter), la tambi\u00e9n investigadora respondi\u00f3 a la publicaci\u00f3n de Epigmenio Ibarra con el siguiente mensaje.<\/p>\n\n\n\n<p>\u201cPues yo creo que hay que esperar sentados porque as\u00ed como avientan la piedra, esconden la mano\u2026 Una buena: entrar\u00e1 en funciones el nuevo Poder Judicial y est\u00e1 la opci\u00f3n real de denunciarlos y que se haga justicia\u201c, dijo.<\/p>\n\n\n\n<p>La controversia comenz\u00f3 tras la publicaci\u00f3n de un art\u00edculo en el diario espa\u00f1ol \u201cABC\u201d, que afirmaba que Guti\u00e9rrez M\u00fcller se hab\u00eda mudado a La Moraleja, un exclusivo barrio de Madrid, con su hijo Jes\u00fas Ernesto.<\/p>\n\n\n\n<p>En respuesta, Guti\u00e9rrez M\u00fcller desminti\u00f3 estas afirmaciones. En su misiva, Guti\u00e9rrez M\u00fcller insisti\u00f3 en que sigue viviendo en M\u00e9xico, donde se dedica a la docencia e investigaci\u00f3n.<\/p>\n\n\n\n<p>Guti\u00e9rrez M\u00fcller no solo desminti\u00f3 la noticia, sino que tambi\u00e9n lanz\u00f3 una advertencia a los periodistas que han difundido rumores sobre su vida personal.<\/p>\n\n\n\n<p>Esta declaraci\u00f3n ha suscitado un debate sobre la libertad de prensa en M\u00e9xico y el uso del Poder Judicial como herramienta de defensa personal.<\/p>\n\n\n\n<p>La situaci\u00f3n atrajo la atenci\u00f3n y declaraciones de varios l\u00edderes, incluidas la presidenta Claudia Sheinbaum y Luisa Mar\u00eda Alcalde, dirigente de Morena, quienes respaldaron a Guti\u00e9rrez M\u00fcller.<\/p>\n\n\n\n<p>Sheinbaum afirm\u00f3 en conferencia de prensa que \u201cella vive en M\u00e9xico, ya lo respondi\u00f3\u201d, mientras que Alcalde calific\u00f3 de \u201cacoso\u201d los se\u00f1alamientos contra la escritora.<\/p>\n\n\n\n<p>La supuesta mudanza a Espa\u00f1a gener\u00f3 una discusi\u00f3n sobre la coherencia de Guti\u00e9rrez M\u00fcller, quien ha sido una cr\u00edtica abierta de la Corona Espa\u00f1ola y de la historia colonial.<\/p>\n\n\n\n<p>El caso de Guti\u00e9rrez M\u00fcller es parte de un fen\u00f3meno m\u00e1s amplio en M\u00e9xico, donde la relaci\u00f3n entre los pol\u00edticos y los medios de comunicaci\u00f3n se ha tensado, en especial con gobiernos locales de la llamada \u2018Cuarta Transformaci\u00f3n\u2019.<\/p>\n\n\n\n<p>(Informaci\u00f3n de \u201cEl Financiero\u201d)<\/p>\n","protected":false},"excerpt":{"rendered":"<p>Redacci\u00f3n\/Zona Roja Cdmx. Imagen: Telediario Ciudad de M\u00e9xico, a 18 de agosto de 2025.- Al&hellip;<\/p>\n","protected":false},"author":2,"featured_media":83658,"comment_status":"closed","ping_status":"open","sticky":false,"template":"","format":"standard","meta":{"_lmt_disableupdate":"","_lmt_disable":"","_jetpack_memberships_contains_paid_content":false,"footnotes":""},"categories":[109,47],"tags":[3010],"class_list":["post-83657","post","type-post","status-publish","format-standard","has-post-thumbnail","hentry","category-minuto-a-minuto","category-zona-gris","tag-beatriz-gutierrez-muller"],"jetpack_featured_media_url":"https:\/\/zonaroja.com.mx\/wp-content\/uploads\/2025\/08\/Carta-Beatriz-Gutierrez.jpg","jetpack_sharing_enabled":true,"_links":{"self":[{"href":"https:\/\/zonaroja.com.mx\/index.php?rest_route=\/wp\/v2\/posts\/83657","targetHints":{"allow":["GET"]}}],"collection":[{"href":"https:\/\/zonaroja.com.mx\/index.php?rest_route=\/wp\/v2\/posts"}],"about":[{"href":"https:\/\/zonaroja.com.mx\/index.php?rest_route=\/wp\/v2\/types\/post"}],"author":[{"embeddable":true,"href":"https:\/\/zonaroja.com.mx\/index.php?rest_route=\/wp\/v2\/users\/2"}],"replies":[{"embeddable":true,"href":"https:\/\/zonaroja.com.mx\/index.php?rest_route=%2Fwp%2Fv2%2Fcomments&post=83657"}],"version-history":[{"count":1,"href":"https:\/\/zonaroja.com.mx\/index.php?rest_route=\/wp\/v2\/posts\/83657\/revisions"}],"predecessor-version":[{"id":83659,"href":"https:\/\/zonaroja.com.mx\/index.php?rest_route=\/wp\/v2\/posts\/83657\/revisions\/83659"}],"wp:featuredmedia":[{"embeddable":true,"href":"https:\/\/zonaroja.com.mx\/index.php?rest_route=\/wp\/v2\/media\/83658"}],"wp:attachment":[{"href":"https:\/\/zonaroja.com.mx\/index.php?rest_route=%2Fwp%2Fv2%2Fmedia&parent=83657"}],"wp:term":[{"taxonomy":"category","embeddable":true,"href":"https:\/\/zonaroja.com.mx\/index.php?rest_route=%2Fwp%2Fv2%2Fcategories&post=83657"},{"taxonomy":"post_tag","embeddable":true,"href":"https:\/\/zonaroja.com.mx\/index.php?rest_route=%2Fwp%2Fv2%2Ftags&post=83657"}],"curies":[{"name":"wp","href":"https:\/\/api.w.org\/{rel}","templated":true}]}}