{"id":83660,"date":"2025-08-18T21:48:43","date_gmt":"2025-08-19T03:48:43","guid":{"rendered":"https:\/\/zonaroja.com.mx\/?p=83660"},"modified":"2025-08-18T21:48:45","modified_gmt":"2025-08-19T03:48:45","slug":"vive-oaxaca-intensa-ola-de-protestas-en-diversas-regiones","status":"publish","type":"post","link":"https:\/\/zonaroja.com.mx\/?p=83660","title":{"rendered":"Vive Oaxaca intensa ola de protestas en diversas regiones"},"content":{"rendered":"\n<p>Lisbeth Mej\u00eda Reyes\/Zona Roja.<\/p>\n\n\n\n<p>Oaxaca, Oax., a 18 de agosto de 2025.- Cerca de una decena de protestas se registraron este lunes en la ciudad de Oaxaca y el interior del estado, para exigir la atenci\u00f3n de las autoridades municipales, estatales y educativas.\u00a0<\/p>\n\n\n\n<p>Las movilizaciones fueron por parte de vecinos de la agencia Pueblo Nuevo, estudiantes normalistas, transportistas, sindicalizados del sector salud, de Telebachilleratos Comunitarios y del Colegio de Bachilleres del Estado de Oaxaca (Cobao), as\u00ed como por jubilados de la Secci\u00f3n 22.<\/p>\n\n\n\n<p>Primero fue el Sindicato de Trabajadores Unidos del Cobao (Stucobao) el que impidi\u00f3 el inicio del ciclo escolar en el plantel 01 en Pueblo Nuevo con una protesta para denunciar irregulares en este sistema educativo que encabeza Ang\u00e9lica Garc\u00eda P\u00e9rez. Las y los sindicalizados exigen una auditor\u00eda al Cobao y la salida del director financiero, Juan V\u00edctor L\u00f3pez San Germ\u00e1n; la inconformidad se extendi\u00f3 a otros planteles del estado.<\/p>\n\n\n\n<p>Casi a la misma hora, en una segunda protesta, un grupo de vecinos de Pueblo Nuevo se manifest\u00f3 en la terminal del Binnibus en la agencia para mostrar su rechazo al proyecto del distribuidor vial de Viguera y para exigir una mesa de di\u00e1logo con las autoridades municipales y estatales. Sin embargo, pronto se retir\u00f3, aunque por la tarde reinstalaron su manifestaci\u00f3n.<\/p>\n\n\n\n<p>El Palacio de Gobierno recibi\u00f3 la tercera manifestaci\u00f3n por parte del Sindicato \u00danico de Trabajadores del Sector Salud de Oaxaca (SUTCEO), el cual exige atenci\u00f3n a su pliego petitorio 2024 y 2025.&nbsp;<\/p>\n\n\n\n<p>Roberto Dom\u00ednguez, secretario general del sindicato, explic\u00f3 que una de las principales peticiones es la basificaci\u00f3n de compa\u00f1eros que tienen m\u00e1s de 17 a\u00f1os de antig\u00fcedad laboral.&nbsp;<\/p>\n\n\n\n<p>Adem\u00e1s de denunciar que el sistema de salud ha empeorado tras la desaparici\u00f3n del Seguro Popular y con la transici\u00f3n al sistema IMSS Bienestar.&nbsp;<\/p>\n\n\n\n<p>Luego de su jornada de la semana pasada, y ahora con el respaldo de diversas organizaciones sociales, volvieron integrantes Sindicato \u00danico de Trabajadores del Telebachilleratos Comunitarios, quienes protagonizaron la cuarta protesta del d\u00eda.&nbsp;<\/p>\n\n\n\n<p>En el Palacio de Gobierno, las y los sindicalizados se\u00f1alaron nuevamente la falta de seriedad del secretario de Gobierno, Jes\u00fas Romero L\u00f3pez, quien a pesar de haber se\u00f1alado p\u00fablicamente que los atender\u00eda el pasado jueves no los recibi\u00f3.<\/p>\n\n\n\n<p>El sindicato volvi\u00f3 a denunciar la represi\u00f3n de la cual fue objeto el pasado martes 12 de agosto por la Polic\u00eda Estatal y en la que resultaron lesionados al menos cinco de sus integrantes. Las protestas del sindicato son para exigir atenci\u00f3n a sus demandas laborales y la remoci\u00f3n del director, Filem\u00f3n Bernardo Hern\u00e1ndez.<\/p>\n\n\n\n<p>En la quinta manifestaci\u00f3n, con un bloque\u00f3 en la calle de Armenta y L\u00f3pez, la Alianza de Jubilados y Pensionados de la Secci\u00f3n 22 del Sindicato Nacional de Trabajadores de la Educaci\u00f3n exigi\u00f3 la inclusi\u00f3n inmediata en la base de datos estatal para el pago del bono 2025, adem\u00e1s de otras demandas.<\/p>\n\n\n\n<p>La sexta protesta en la capital fue por parte de la Coordinadora Estudiantil Normalista del Estado de Oaxaca (CENEO), que durante la semana pasada mantuvo una serie de movilizaciones para exigir una mesa de negociaci\u00f3n con la Secretar\u00eda de Gobierno y el Instituto Estatal de Educaci\u00f3n P\u00fablica de Oaxaca ante las diversas irregularidades que han denunciado sobre el examen de ingreso a las escuelas normales.&nbsp;<\/p>\n\n\n\n<p>Al igual que los sindicalizados del Telebachillerato Comunitario denunci\u00f3 la falta de seriedad de Jes\u00fas Romero L\u00f3pez, secretario de Gobierno, con quien ten\u00eda programada para hoy una mesa de trabajo resolutiva. Sin embargo, el funcionario no se present\u00f3.<\/p>\n\n\n\n<p>Otra movilizaci\u00f3n ocurri\u00f3 en la carretera federal 200 Salina Cruz-Pinotepa Nacional, a la altura de Puerto Escondido, por parte de campesinos y productores que demandan, desde hace m\u00e1s de una semana, apoyos para los afectados por el hurac\u00e1n \u201cErick\u201d.<\/p>\n\n\n\n<p>En tanto que en la regi\u00f3n Mixteca, transportistas de diversos gremios se manifestaron de manera pac\u00edfica, para demandar al Gobierno de la Rep\u00fablica que permita a los oaxaque\u00f1os participaci\u00f3n en las obras de rehabilitaci\u00f3n de carreteras.<\/p>\n","protected":false},"excerpt":{"rendered":"<p>Lisbeth Mej\u00eda Reyes\/Zona Roja. Oaxaca, Oax., a 18 de agosto de 2025.- Cerca de una&hellip;<\/p>\n","protected":false},"author":2,"featured_media":83661,"comment_status":"closed","ping_status":"open","sticky":false,"template":"","format":"standard","meta":{"_lmt_disableupdate":"","_lmt_disable":"","_jetpack_memberships_contains_paid_content":false,"footnotes":""},"categories":[109,47],"tags":[1975],"class_list":["post-83660","post","type-post","status-publish","format-standard","has-post-thumbnail","hentry","category-minuto-a-minuto","category-zona-gris","tag-bloqueos-carreteros-oaxaca"],"jetpack_featured_media_url":"https:\/\/zonaroja.com.mx\/wp-content\/uploads\/2025\/08\/Protestas-en-Oaxaca-18-de-agosto.jpg","jetpack_sharing_enabled":true,"_links":{"self":[{"href":"https:\/\/zonaroja.com.mx\/index.php?rest_route=\/wp\/v2\/posts\/83660","targetHints":{"allow":["GET"]}}],"collection":[{"href":"https:\/\/zonaroja.com.mx\/index.php?rest_route=\/wp\/v2\/posts"}],"about":[{"href":"https:\/\/zonaroja.com.mx\/index.php?rest_route=\/wp\/v2\/types\/post"}],"author":[{"embeddable":true,"href":"https:\/\/zonaroja.com.mx\/index.php?rest_route=\/wp\/v2\/users\/2"}],"replies":[{"embeddable":true,"href":"https:\/\/zonaroja.com.mx\/index.php?rest_route=%2Fwp%2Fv2%2Fcomments&post=83660"}],"version-history":[{"count":1,"href":"https:\/\/zonaroja.com.mx\/index.php?rest_route=\/wp\/v2\/posts\/83660\/revisions"}],"predecessor-version":[{"id":83662,"href":"https:\/\/zonaroja.com.mx\/index.php?rest_route=\/wp\/v2\/posts\/83660\/revisions\/83662"}],"wp:featuredmedia":[{"embeddable":true,"href":"https:\/\/zonaroja.com.mx\/index.php?rest_route=\/wp\/v2\/media\/83661"}],"wp:attachment":[{"href":"https:\/\/zonaroja.com.mx\/index.php?rest_route=%2Fwp%2Fv2%2Fmedia&parent=83660"}],"wp:term":[{"taxonomy":"category","embeddable":true,"href":"https:\/\/zonaroja.com.mx\/index.php?rest_route=%2Fwp%2Fv2%2Fcategories&post=83660"},{"taxonomy":"post_tag","embeddable":true,"href":"https:\/\/zonaroja.com.mx\/index.php?rest_route=%2Fwp%2Fv2%2Ftags&post=83660"}],"curies":[{"name":"wp","href":"https:\/\/api.w.org\/{rel}","templated":true}]}}