{"id":83663,"date":"2025-08-18T22:17:55","date_gmt":"2025-08-19T04:17:55","guid":{"rendered":"https:\/\/zonaroja.com.mx\/?p=83663"},"modified":"2025-08-18T22:17:57","modified_gmt":"2025-08-19T04:17:57","slug":"denuncia-yosondua-agresion-armada-de-sus-vecinos-de-yolotepec","status":"publish","type":"post","link":"https:\/\/zonaroja.com.mx\/?p=83663","title":{"rendered":"Denuncia Yosond\u00faa agresi\u00f3n armada de sus vecinos de Yolotepec"},"content":{"rendered":"\n<p>Ismael Garc\u00eda M.\/Zona Roja.<\/p>\n\n\n\n<p>Oaxaca, Oax., a 18 de agosto de 2025.- La autoridad municipal de Santiago Yosond\u00faa denunci\u00f3 una agresi\u00f3n armada por parte de sus vecinos de Santa Mar\u00eda Yolotepec, en la regi\u00f3n Mixteca de Oaxaca.<\/p>\n\n\n\n<p>El saldo preliminar es una persona lesionada de bala, varias m\u00e1s retenidas y al menos seis viviendas incendiadas, inform\u00f3 a trav\u00e9s de un comunicado que firma el edil Cristino Ram\u00edrez Ch\u00e1vez.<\/p>\n\n\n\n<p>A trav\u00e9s de las redes sociales, se difundieron tambi\u00e9n videos en que se escuchan las detonaciones de armas de fuego, as\u00ed como una persona armada.<\/p>\n\n\n\n<p>De acuerdo con la autoridad municipal de Yosond\u00faa, perteneciente al distrito de Tlaxiaco, la agresi\u00f3n armada inici\u00f3 alrededor de las 16:00 horas y hasta el momento hay un lesionado, de nombre Emiliano Rosales, as\u00ed como seis casas quemadas en la localidad de Buenavista.<\/p>\n\n\n\n<p>Adem\u00e1s, retuvieron y se llevaron de la comunidad a la se\u00f1ora Marisol y sus dos hijas menores de edad; tambi\u00e9n al agente de Polic\u00eda de Ca\u00f1ada de Galicia; destruyeron el tanque de almacenamiento de agua e incendiaron un veh\u00edculo.<\/p>\n\n\n\n<p>Por lo cual pidi\u00f3 la intervenci\u00f3n urgente del Gobierno del Estado de Oaxaca; sin embargo, hasta el momento no hay una postura oficial al respecto.<\/p>\n\n\n\n<p>El conflicto deriva presuntamente de la a\u00f1eja disputa de al menos mil 600 hect\u00e1reas.<\/p>\n\n\n\n<figure class=\"wp-block-embed is-type-rich is-provider-twitter wp-block-embed-twitter\"><div class=\"wp-block-embed__wrapper\">\n<div class=\"twitter-tweet\"><blockquote class=\"twitter-tweet\" data-lang=\"es\"><p lang=\"es\" dir=\"ltr\">Confirman autoridades de Santiago Yosond\u00faa un ataque armado de Santa Mar\u00eda Yolotepec, regi\u00f3n Mixteca de <a href=\"https:\/\/twitter.com\/hashtag\/Oaxaca?src=hash&amp;ref_src=twsrc%5Etfw\">#Oaxaca<\/a>. <br><br>El saldo preliminar es de una persona lesionada, al menos ocho casas quemadas y varias personas retenidas, entre ellas autoridades auxiliares. <br><br>Piden ayuda urgente. <a href=\"https:\/\/t.co\/4JLWeGALTt\">pic.twitter.com\/4JLWeGALTt<\/a><\/p>&mdash; Zona Roja Oaxaca (@ZonaRoja_Oaxaca) <a href=\"https:\/\/twitter.com\/ZonaRoja_Oaxaca\/status\/1957636907925389780?ref_src=twsrc%5Etfw\">19 de agosto de 2025<\/a><\/blockquote><\/div>\n<\/div><\/figure>\n","protected":false},"excerpt":{"rendered":"<p>Ismael Garc\u00eda M.\/Zona Roja. Oaxaca, Oax., a 18 de agosto de 2025.- La autoridad municipal&hellip;<\/p>\n","protected":false},"author":2,"featured_media":83665,"comment_status":"closed","ping_status":"open","sticky":false,"template":"","format":"standard","meta":{"_lmt_disableupdate":"","_lmt_disable":"","_jetpack_memberships_contains_paid_content":false,"footnotes":""},"categories":[109,47],"tags":[4412,3925],"class_list":["post-83663","post","type-post","status-publish","format-standard","has-post-thumbnail","hentry","category-minuto-a-minuto","category-zona-gris","tag-santa-maria-yolotepec","tag-santiago-yosondua"],"jetpack_featured_media_url":"https:\/\/zonaroja.com.mx\/wp-content\/uploads\/2025\/08\/Santiago-Yosondua.jpg","jetpack_sharing_enabled":true,"_links":{"self":[{"href":"https:\/\/zonaroja.com.mx\/index.php?rest_route=\/wp\/v2\/posts\/83663","targetHints":{"allow":["GET"]}}],"collection":[{"href":"https:\/\/zonaroja.com.mx\/index.php?rest_route=\/wp\/v2\/posts"}],"about":[{"href":"https:\/\/zonaroja.com.mx\/index.php?rest_route=\/wp\/v2\/types\/post"}],"author":[{"embeddable":true,"href":"https:\/\/zonaroja.com.mx\/index.php?rest_route=\/wp\/v2\/users\/2"}],"replies":[{"embeddable":true,"href":"https:\/\/zonaroja.com.mx\/index.php?rest_route=%2Fwp%2Fv2%2Fcomments&post=83663"}],"version-history":[{"count":1,"href":"https:\/\/zonaroja.com.mx\/index.php?rest_route=\/wp\/v2\/posts\/83663\/revisions"}],"predecessor-version":[{"id":83666,"href":"https:\/\/zonaroja.com.mx\/index.php?rest_route=\/wp\/v2\/posts\/83663\/revisions\/83666"}],"wp:featuredmedia":[{"embeddable":true,"href":"https:\/\/zonaroja.com.mx\/index.php?rest_route=\/wp\/v2\/media\/83665"}],"wp:attachment":[{"href":"https:\/\/zonaroja.com.mx\/index.php?rest_route=%2Fwp%2Fv2%2Fmedia&parent=83663"}],"wp:term":[{"taxonomy":"category","embeddable":true,"href":"https:\/\/zonaroja.com.mx\/index.php?rest_route=%2Fwp%2Fv2%2Fcategories&post=83663"},{"taxonomy":"post_tag","embeddable":true,"href":"https:\/\/zonaroja.com.mx\/index.php?rest_route=%2Fwp%2Fv2%2Ftags&post=83663"}],"curies":[{"name":"wp","href":"https:\/\/api.w.org\/{rel}","templated":true}]}}