{"id":83667,"date":"2025-08-19T07:15:00","date_gmt":"2025-08-19T13:15:00","guid":{"rendered":"https:\/\/zonaroja.com.mx\/?p=83667"},"modified":"2025-08-19T06:53:39","modified_gmt":"2025-08-19T12:53:39","slug":"inversion-de-23-mil-mdp-en-desarrollo-social-ha-logrado-disminuir-la-pobreza","status":"publish","type":"post","link":"https:\/\/zonaroja.com.mx\/?p=83667","title":{"rendered":"Inversi\u00f3n de 23 mil mdp en desarrollo social ha logrado disminuir la pobreza"},"content":{"rendered":"\n<p>Redacci\u00f3n\/Zona Roja.&nbsp;<\/p>\n\n\n\n<p>Oaxaca, Oax., a 19 de agosto de 2025. En dos a\u00f1os de gobierno se han destinado m\u00e1s de 23 mil millones de pesos recursos estatales, lo que ha contribuido a disminuir la pobreza en Oaxaca.<\/p>\n\n\n\n<p>As\u00ed lo asegur\u00f3 el gobernador Salom\u00f3n Jara Cruz durante su conferencia de prensa semana, en que asegur\u00f3 que la inversi\u00f3n se ha hecho durante su administraci\u00f3n con finanzas sanas, s\u00f3lidas y sin endeudamientos.&nbsp;<\/p>\n\n\n\n<p>Expuso que, mediante su modelo de atenci\u00f3n territorial, se reparara la deuda hist\u00f3rica y se atienden las carencias y necesidades de los pueblos y comunidades en los rubros mencionados.<\/p>\n\n\n\n<p>\u201cLas cifras que ha dado a conocer el Inegi a trav\u00e9s de su informe sobre la situaci\u00f3n de la pobreza multidimensional en nuestro pa\u00eds, no son simples estad\u00edsticas; son la comprobaci\u00f3n de que el modelo econ\u00f3mico y social basado en el humanismo mexicano, funciona y ha sido todo un \u00e9xito\u201d, expres\u00f3 durante la conferencia en Palacio de Gobierno.<\/p>\n\n\n\n<p>La reciente medici\u00f3n, que corresponde al periodo 2022-2024, revel\u00f3 que en Oaxaca se redujo la pobreza en 6.8 puntos porcentuales y 3.9 en pobreza extrema.<\/p>\n\n\n\n<p>De esta manera, Jara Cruz celebr\u00f3 que m\u00e1s de 280 mil oaxaque\u00f1as y oaxaque\u00f1os abandonaron la pobreza y m\u00e1s de 165 mil salieron de la pobreza extrema; considerando que el Inegi mide la variable del ingreso y seis carencias adicionales: rezago educativo, servicios de salud, seguridad social, vivienda y alimentaci\u00f3n.<\/p>\n\n\n\n<p>Estos resultados colocan a Oaxaca con 51. 6 por ciento de la poblaci\u00f3n en pobreza, que es menor al identificado en Guerrero y Chiapas, quienes tienen 58.6 y 65.97, respectivamente.<\/p>\n\n\n\n<p>\u201cYa no somos el estado con mayor porcentaje de pobreza y somos el estado del sur sureste en el que m\u00e1s se ha reducido la desigualdad\u201d, dijo, el mandatario estatal.<\/p>\n\n\n\n<p>A\u00f1adi\u00f3 que el ingreso de los hogares oaxaque\u00f1os est\u00e1 creciendo en los deciles m\u00e1s bajos y se han tenido las tasas de crecimiento del Producto Interno Bruto (PIB) m\u00e1s altas de toda la historia, llegando a ser el estado m\u00e1s din\u00e1mico de todo el pa\u00eds con una tasa de crecimiento del 13.1 por ciento, m\u00e1s que Nuevo Le\u00f3n o la Ciudad de M\u00e9xico.<\/p>\n\n\n\n<p>\u201cHoy nuestro estado florece como nunca antes. La transformaci\u00f3n sigue avanzando y el bienestar est\u00e1 llegando a cada comunidad\u201d, finaliz\u00f3.<\/p>\n\n\n\n<p>La pol\u00edtica social del Gobierno de Estado impacta en las zonas de mayor marginaci\u00f3n, con atenci\u00f3n directa y prioritaria a grupos vulnerables y comunidades hist\u00f3ricamente discriminadas, mediante programas como: Mujer Primavera, Tarjeta Margarita Maza, Farmacias Bienestar, Caravanas Ve\u2019e tata, Mi Primera Chamba, Tarjeta Joven, Tequios Bienestar y \u00datiles para el Bienestar.<\/p>\n\n\n\n<figure class=\"wp-block-embed is-type-rich is-provider-twitter wp-block-embed-twitter\"><div class=\"wp-block-embed__wrapper\">\n<div class=\"twitter-tweet\"><blockquote class=\"twitter-tweet\" data-lang=\"es\"><p lang=\"es\" dir=\"ltr\">Al iniciar hoy su conferencia de prensa, el gobernador <a href=\"https:\/\/twitter.com\/salomonj?ref_src=twsrc%5Etfw\">@salomonj<\/a> destac\u00f3 de nueva cuenta los resultados del Inegi acerca de la disminuci\u00f3n de la pobreza en M\u00e9xico y en Oaxaca. <br>En el caso de la entidad, enumer\u00f3 los esquemas que impulsa y por los cuales se ha logrado esta baja,\u2026 <a href=\"https:\/\/t.co\/sP0KBO7IFy\">pic.twitter.com\/sP0KBO7IFy<\/a><\/p>&mdash; Zona Roja Oaxaca (@ZonaRoja_Oaxaca) <a href=\"https:\/\/twitter.com\/ZonaRoja_Oaxaca\/status\/1957461192936415700?ref_src=twsrc%5Etfw\">18 de agosto de 2025<\/a><\/blockquote><\/div>\n<\/div><\/figure>\n","protected":false},"excerpt":{"rendered":"<p>Redacci\u00f3n\/Zona Roja.&nbsp; Oaxaca, Oax., a 19 de agosto de 2025. En dos a\u00f1os de gobierno&hellip;<\/p>\n","protected":false},"author":2,"featured_media":83670,"comment_status":"closed","ping_status":"open","sticky":false,"template":"","format":"standard","meta":{"_lmt_disableupdate":"","_lmt_disable":"","_jetpack_memberships_contains_paid_content":false,"footnotes":""},"categories":[109,46],"tags":[939],"class_list":["post-83667","post","type-post","status-publish","format-standard","has-post-thumbnail","hentry","category-minuto-a-minuto","category-zona-blanca","tag-salomon-jara-cruz"],"jetpack_featured_media_url":"https:\/\/zonaroja.com.mx\/wp-content\/uploads\/2025\/08\/Salomon-Jara-conferencia-de-prensa.jpeg","jetpack_sharing_enabled":true,"_links":{"self":[{"href":"https:\/\/zonaroja.com.mx\/index.php?rest_route=\/wp\/v2\/posts\/83667","targetHints":{"allow":["GET"]}}],"collection":[{"href":"https:\/\/zonaroja.com.mx\/index.php?rest_route=\/wp\/v2\/posts"}],"about":[{"href":"https:\/\/zonaroja.com.mx\/index.php?rest_route=\/wp\/v2\/types\/post"}],"author":[{"embeddable":true,"href":"https:\/\/zonaroja.com.mx\/index.php?rest_route=\/wp\/v2\/users\/2"}],"replies":[{"embeddable":true,"href":"https:\/\/zonaroja.com.mx\/index.php?rest_route=%2Fwp%2Fv2%2Fcomments&post=83667"}],"version-history":[{"count":1,"href":"https:\/\/zonaroja.com.mx\/index.php?rest_route=\/wp\/v2\/posts\/83667\/revisions"}],"predecessor-version":[{"id":83671,"href":"https:\/\/zonaroja.com.mx\/index.php?rest_route=\/wp\/v2\/posts\/83667\/revisions\/83671"}],"wp:featuredmedia":[{"embeddable":true,"href":"https:\/\/zonaroja.com.mx\/index.php?rest_route=\/wp\/v2\/media\/83670"}],"wp:attachment":[{"href":"https:\/\/zonaroja.com.mx\/index.php?rest_route=%2Fwp%2Fv2%2Fmedia&parent=83667"}],"wp:term":[{"taxonomy":"category","embeddable":true,"href":"https:\/\/zonaroja.com.mx\/index.php?rest_route=%2Fwp%2Fv2%2Fcategories&post=83667"},{"taxonomy":"post_tag","embeddable":true,"href":"https:\/\/zonaroja.com.mx\/index.php?rest_route=%2Fwp%2Fv2%2Ftags&post=83667"}],"curies":[{"name":"wp","href":"https:\/\/api.w.org\/{rel}","templated":true}]}}